{"id":146861,"date":"2016-01-02T13:34:29","date_gmt":"2016-01-02T12:34:29","guid":{"rendered":"http:\/\/www.fuldaer-nachrichten.de\/?p=146861"},"modified":"2016-01-02T13:34:29","modified_gmt":"2016-01-02T12:34:29","slug":"kab-jahresauftakt-impuls-2016-hat-die-gesetzliche-krankenversicherung-eine-zukunft","status":"publish","type":"post","link":"https:\/\/www.fuldaernachrichten.de\/?p=146861","title":{"rendered":"KAB Jahresauftakt IMPULS 2016 \u201eHat die gesetzliche Krankenversicherung eine Zukunft?\u201c"},"content":{"rendered":"<p>Zum traditionellen Jahresauftakt der Katholischen Arbeitnehmer-Bewegung (KAB) Di\u00f6zesanverband Fulda greift der Sozialverband das Thema \u201eK\u00f6nnen wir es uns noch leisten krank zu sein? &#8211; Hat die gesetzliche Krankenversicherung eine Zukunft?\u201c auf. Referentin zu dem Thema ist Sabrina Schmalz, Referentin des Grundsatzreferats der KAB Deutschlands mit Schwerpunkt Sozial- und Arbeitsrecht aus M\u00fcnchen.<\/p>\n<p>&#8220;Ungerecht&#8221; ist nach Ansicht der KAB die Regelung, dass Arbeitnehmer den Zusatzbeitrag zur gesetzlichen Krankenversicherung alleine tragen m\u00fcssen. Ab Januar 2016 m\u00fcssen die Versicherten einem Zusatzbeitrag von bis zu 1,5 % tragen. Die KAB fordert die R\u00fcckkehr zur parit\u00e4tischen Finanzierung, die jahrzehntelang Grundlage des Solidarit\u00e4tsprinzips in der Krankenversicherung war. Mit der Jahresauftaktveranstaltung IMPULS 2016 startet die KAB Fulda eine entsprechende Kampagne.<\/p>\n<p>Unabh\u00e4ngig von der aktuellen Situation befasst sich die KAB seit Jahren mit der Frage, wie mittel- und langfristig die medizinische Versorgung sozial und solidarisch gesichert bzw. ausgebaut werden kann. Die konkreten Vorstellungen des katholischen Sozialverbandes werden von der Referentin vorgestellt.<\/p>\n<p>Die f\u00fcr alle Interessierte offene Veranstaltung \u201eIMPULS 2016\u201c am Samstag, dem 16. Januar 2016 beginnt um 09:00 Uhr mit einer heiligen Messe in der Pfarrkirche St. Antonius von Padua, K\u00fcnzell. Nach einem Stehempfang schlie\u00dft sich um 10:45 Uhr das Referat im Thomas-Morus-Haus, Keuloser Str. 24 (neben Kirche) in K\u00fcnzell an. N\u00e4here Informationen: www.kab-fulda.de oder \u00fcber Telefon 0661-73433.<\/p>\n","protected":false},"excerpt":{"rendered":"<div class=\"tmnf_excerpt\"><p>Zum traditionellen Jahresauftakt der Katholischen Arbeitnehmer-Bewegung (KAB) Di\u00f6zesanverband Fulda greift der Sozialverband das Thema \u201eK\u00f6nnen wir es uns noch leisten krank zu sein? &#8211; Hat die gesetzliche Krankenversicherung eine Zukunft?\u201c auf. Referentin zu dem Thema ist Sabrina Schmalz, Referentin des Grundsatzreferats der KAB Deutschlands mit Schwerpunkt Sozial- und Arbeitsrecht aus M\u00fcnchen. &#8220;Ungerecht&#8221; ist nach Ansicht &hellip;<\/p>\n<\/div>","protected":false},"author":1,"featured_media":0,"comment_status":"closed","ping_status":"closed","sticky":false,"template":"","format":"standard","meta":{"footnotes":""},"categories":[51],"tags":[],"class_list":["post-146861","post","type-post","status-publish","format-standard","hentry","category-medizin"],"_links":{"self":[{"href":"https:\/\/www.fuldaernachrichten.de\/index.php?rest_route=\/wp\/v2\/posts\/146861","targetHints":{"allow":["GET"]}}],"collection":[{"href":"https:\/\/www.fuldaernachrichten.de\/index.php?rest_route=\/wp\/v2\/posts"}],"about":[{"href":"https:\/\/www.fuldaernachrichten.de\/index.php?rest_route=\/wp\/v2\/types\/post"}],"author":[{"embeddable":true,"href":"https:\/\/www.fuldaernachrichten.de\/index.php?rest_route=\/wp\/v2\/users\/1"}],"replies":[{"embeddable":true,"href":"https:\/\/www.fuldaernachrichten.de\/index.php?rest_route=%2Fwp%2Fv2%2Fcomments&post=146861"}],"version-history":[{"count":1,"href":"https:\/\/www.fuldaernachrichten.de\/index.php?rest_route=\/wp\/v2\/posts\/146861\/revisions"}],"predecessor-version":[{"id":146862,"href":"https:\/\/www.fuldaernachrichten.de\/index.php?rest_route=\/wp\/v2\/posts\/146861\/revisions\/146862"}],"wp:attachment":[{"href":"https:\/\/www.fuldaernachrichten.de\/index.php?rest_route=%2Fwp%2Fv2%2Fmedia&parent=146861"}],"wp:term":[{"taxonomy":"category","embeddable":true,"href":"https:\/\/www.fuldaernachrichten.de\/index.php?rest_route=%2Fwp%2Fv2%2Fcategories&post=146861"},{"taxonomy":"post_tag","embeddable":true,"href":"https:\/\/www.fuldaernachrichten.de\/index.php?rest_route=%2Fwp%2Fv2%2Ftags&post=146861"}],"curies":[{"name":"wp","href":"https:\/\/api.w.org\/{rel}","templated":true}]}}