{"id":146823,"date":"2015-12-29T20:14:45","date_gmt":"2015-12-29T19:14:45","guid":{"rendered":"http:\/\/www.fuldaer-nachrichten.de\/?p=146823"},"modified":"2015-12-29T20:14:45","modified_gmt":"2015-12-29T19:14:45","slug":"lichterkonzert-im-dom-5","status":"publish","type":"post","link":"https:\/\/www.fuldaernachrichten.de\/?p=146823","title":{"rendered":"Lichterkonzert im Dom"},"content":{"rendered":"<p>Weihnachtliche Festtagskl\u00e4nge werden am Dienstag, 5. Januar 2016, 20 Uhr, wie in jedem Jahr im kerzenerleuchteten Fuldaer Dom erklingen. Tausend Kerzen tauchen den Dom in eine traumhaft weihnachtliche Atmosph\u00e4re. Auf dem Programm stehen unter anderem Werke von L. Marenzio, T. L. da Victoria, M. Praetorius, O. Messiaen, C. Tournemire, J. S. Bach und Improvisationen. Ausf\u00fchrende sind je zur H\u00e4lfte der Jugendkathedralchor Fulda unter Leitung von Domkapellmeister Franz-Peter Huber und an der gro\u00dfen Orgel Domorganist Prof. Hans-J\u00fcrgen Kaiser. Am Ausgang wird um eine Spende f\u00fcr die kirchenmusikalische Arbeit am Dom gebeten.<\/p>\n<p>&nbsp;<\/p>\n<p>Das Besondere an diesem Konzert ist das Erklingen der Musik im von ungez\u00e4hlten kleinen Kerzen erleuchteten Raum des Doms, wodurch in der Kathedralkirche eine durch und durch weihnachtliche Atmosph\u00e4re entsteht. Das Lichterkonzert wurde von Prof. Kaiser vor \u00fcber zwanzig Jahren initiiert. \u201eZun\u00e4chst wurde das Konzert von Orgel und Bl\u00e4sern gestaltet, dann kamen auch die Ch\u00f6re hinzu\u201c, erinnert sich der Domorganist. Domkapellmeister Huber macht deutlich: \u201eF\u00fcr viele ist Weihnachten mit dem 24. Dezember vorbei. Wir wollen mit dem Konzert einen Akzent daf\u00fcr setzen, dass Weihnachten noch weitergeht.\u201c Die Bedeutung des Festes der Geburt Jesu Christi wird vermittels der weihnachtlichen Orgel- und Chormusik besonders intensiv erlebbar.<\/p>\n","protected":false},"excerpt":{"rendered":"<div class=\"tmnf_excerpt\"><p>Weihnachtliche Festtagskl\u00e4nge werden am Dienstag, 5. Januar 2016, 20 Uhr, wie in jedem Jahr im kerzenerleuchteten Fuldaer Dom erklingen. Tausend Kerzen tauchen den Dom in eine traumhaft weihnachtliche Atmosph\u00e4re. Auf dem Programm stehen unter anderem Werke von L. Marenzio, T. L. da Victoria, M. Praetorius, O. Messiaen, C. Tournemire, J. S. Bach und Improvisationen. Ausf\u00fchrende &hellip;<\/p>\n<\/div>","protected":false},"author":1,"featured_media":0,"comment_status":"closed","ping_status":"closed","sticky":false,"template":"","format":"standard","meta":{"footnotes":""},"categories":[1],"tags":[],"class_list":["post-146823","post","type-post","status-publish","format-standard","hentry","category-startseite"],"_links":{"self":[{"href":"https:\/\/www.fuldaernachrichten.de\/index.php?rest_route=\/wp\/v2\/posts\/146823","targetHints":{"allow":["GET"]}}],"collection":[{"href":"https:\/\/www.fuldaernachrichten.de\/index.php?rest_route=\/wp\/v2\/posts"}],"about":[{"href":"https:\/\/www.fuldaernachrichten.de\/index.php?rest_route=\/wp\/v2\/types\/post"}],"author":[{"embeddable":true,"href":"https:\/\/www.fuldaernachrichten.de\/index.php?rest_route=\/wp\/v2\/users\/1"}],"replies":[{"embeddable":true,"href":"https:\/\/www.fuldaernachrichten.de\/index.php?rest_route=%2Fwp%2Fv2%2Fcomments&post=146823"}],"version-history":[{"count":1,"href":"https:\/\/www.fuldaernachrichten.de\/index.php?rest_route=\/wp\/v2\/posts\/146823\/revisions"}],"predecessor-version":[{"id":146826,"href":"https:\/\/www.fuldaernachrichten.de\/index.php?rest_route=\/wp\/v2\/posts\/146823\/revisions\/146826"}],"wp:attachment":[{"href":"https:\/\/www.fuldaernachrichten.de\/index.php?rest_route=%2Fwp%2Fv2%2Fmedia&parent=146823"}],"wp:term":[{"taxonomy":"category","embeddable":true,"href":"https:\/\/www.fuldaernachrichten.de\/index.php?rest_route=%2Fwp%2Fv2%2Fcategories&post=146823"},{"taxonomy":"post_tag","embeddable":true,"href":"https:\/\/www.fuldaernachrichten.de\/index.php?rest_route=%2Fwp%2Fv2%2Ftags&post=146823"}],"curies":[{"name":"wp","href":"https:\/\/api.w.org\/{rel}","templated":true}]}}