{"id":146653,"date":"2015-12-20T08:55:05","date_gmt":"2015-12-20T07:55:05","guid":{"rendered":"http:\/\/www.fuldaer-nachrichten.de\/?p=146653"},"modified":"2015-12-20T08:55:05","modified_gmt":"2015-12-20T07:55:05","slug":"vhs-englisch-grundkurs","status":"publish","type":"post","link":"https:\/\/www.fuldaernachrichten.de\/?p=146653","title":{"rendered":"VHS-Englisch-Grundkurs"},"content":{"rendered":"<p>Ein Englisch-Grundkurs der Volkshochschule des Landkreises Fulda f\u00fcr Teilnehmer mit Vorkenntnissen beginnt am Montag, 11. Januar, um 18 Uhr in der Johann-Adam-F\u00f6rster-Schule in H\u00fcnfeld. Anmeldung (Kursnummer VM4061631) unter www.vhs-fulda.de, Telefon (0661)6006-1600 oder am ersten Kursabend.<\/p>\n","protected":false},"excerpt":{"rendered":"<div class=\"tmnf_excerpt\"><p>Ein Englisch-Grundkurs der Volkshochschule des Landkreises Fulda f\u00fcr Teilnehmer mit Vorkenntnissen beginnt am Montag, 11. Januar, um 18 Uhr in der Johann-Adam-F\u00f6rster-Schule in H\u00fcnfeld. Anmeldung (Kursnummer VM4061631) unter www.vhs-fulda.de, Telefon (0661)6006-1600 oder am ersten Kursabend.<\/p>\n<\/div>","protected":false},"author":1,"featured_media":0,"comment_status":"closed","ping_status":"closed","sticky":false,"template":"","format":"standard","meta":{"footnotes":""},"categories":[53],"tags":[],"class_list":["post-146653","post","type-post","status-publish","format-standard","hentry","category-bildung"],"_links":{"self":[{"href":"https:\/\/www.fuldaernachrichten.de\/index.php?rest_route=\/wp\/v2\/posts\/146653","targetHints":{"allow":["GET"]}}],"collection":[{"href":"https:\/\/www.fuldaernachrichten.de\/index.php?rest_route=\/wp\/v2\/posts"}],"about":[{"href":"https:\/\/www.fuldaernachrichten.de\/index.php?rest_route=\/wp\/v2\/types\/post"}],"author":[{"embeddable":true,"href":"https:\/\/www.fuldaernachrichten.de\/index.php?rest_route=\/wp\/v2\/users\/1"}],"replies":[{"embeddable":true,"href":"https:\/\/www.fuldaernachrichten.de\/index.php?rest_route=%2Fwp%2Fv2%2Fcomments&post=146653"}],"version-history":[{"count":1,"href":"https:\/\/www.fuldaernachrichten.de\/index.php?rest_route=\/wp\/v2\/posts\/146653\/revisions"}],"predecessor-version":[{"id":146658,"href":"https:\/\/www.fuldaernachrichten.de\/index.php?rest_route=\/wp\/v2\/posts\/146653\/revisions\/146658"}],"wp:attachment":[{"href":"https:\/\/www.fuldaernachrichten.de\/index.php?rest_route=%2Fwp%2Fv2%2Fmedia&parent=146653"}],"wp:term":[{"taxonomy":"category","embeddable":true,"href":"https:\/\/www.fuldaernachrichten.de\/index.php?rest_route=%2Fwp%2Fv2%2Fcategories&post=146653"},{"taxonomy":"post_tag","embeddable":true,"href":"https:\/\/www.fuldaernachrichten.de\/index.php?rest_route=%2Fwp%2Fv2%2Ftags&post=146653"}],"curies":[{"name":"wp","href":"https:\/\/api.w.org\/{rel}","templated":true}]}}