{"id":146546,"date":"2015-12-17T09:31:15","date_gmt":"2015-12-17T08:31:15","guid":{"rendered":"http:\/\/www.fuldaer-nachrichten.de\/?p=146546"},"modified":"2015-12-17T09:31:15","modified_gmt":"2015-12-17T08:31:15","slug":"start-fuer-inklusive-klettergruppe-der-dav-sektion-fulda-%e2%80%a8geht-nicht-gibts-nicht","status":"publish","type":"post","link":"https:\/\/www.fuldaernachrichten.de\/?p=146546","title":{"rendered":"Start f\u00fcr inklusive Klettergruppe der DAV Sektion Fulda &#8211; \u00e2\u20ac\u00a8Geht nicht, gibt\u00e2\u20ac\u2122s nicht"},"content":{"rendered":"<p>Die DAV Sektion Fulda hat am 11. Dezember 2015 ein erstes Schnupperklettern f\u00fcr Menschen mit Handicap angeboten \u2013 und zieht eine positive Bilanz.<\/p>\n<p>Bergsport f\u00fcr alle \u2013 Inklusion vertikal und horizontal. Unter diesem Motto stand das erste Schnupperklettern der DAV Sektion Fulda f\u00fcr Menschen mit Handicap. In seiner Begr\u00fc\u00dfung betonte Manfred Hagemann, 2. Vorsitzender der DAV Sektion Fulda, das Bergsport ein sportliches Erlebnis f\u00fcr alle ist und dazu positive Nebeneffekte bietet. Das Klettern insbesondere, denn neben dem motorischen Trainingseffekt st\u00e4rke es auch das eigene Selbstvertrauen.<\/p>\n<p>Nach einer kurzen Einf\u00fchrung konnten die Teilnehmer &#8211; sowohl Kinder, als auch Erwachsene &#8211; das gleich selbst in der Vertikalen testen. Begleitet von erfahrenen Trainern der Sektion wagten sie sich ohne gro\u00dfe Scheu in die Routen des Schulungsbereichs im Kletterzentrum Fulda. Trotz unterschiedlicher Handicaps &#8211; von Amputationen bis hin zu L\u00e4hmungen &#8211; waren die ersten Klettermeter schnell erklommen und das ganz ohne Hilfsmittel.<\/p>\n<p>\u201eF\u00fcr alle Teilnehmer gab es nur einen Weg: nach oben. Aus eigener Kraft erkundete jeder in seinem Tempo verschiedene Kletterrouten &#8211; egal ob bis ganz nach oben oder in Teilst\u00fccken\u201c, berichtet Stefan Hartung vom DAV Fulda, der das Klettern mit Handicap gemeinsam mit Matthias Schwob, Jugendleiter beim DAV, organisiert hatte. Aus eigener Erfahrung wei\u00df er, warum Klettern mit Handicap eine tolle Erfahrung ist: \u201eMan erlebt, was alles m\u00f6glich ist \u2013 geht nicht, gibt\u00e2\u20ac\u2122s nicht. Das macht Mut und st\u00e4rkt f\u00fcr den Alltag.\u201c Das konnten auch die Teilnehmer best\u00e4tigen, die sichtlich Spa\u00df daran hatten, mit ihren Kletterpartnern vom DAV immer wieder neue Kletterrouten zu entdecken. Und so war es keine \u00dcberraschung, dass neben dem Schulungsbereich auch die anderen Routen der Kletterhalle unter die Lupe genommen wurden. Am Ende waren sich alle sicher: wir kommen wieder. Und der n\u00e4chste Termin f\u00fcr das Klettern mit Handicap steht auch schon fest: 20. Januar 2016 um 18 Uhr.<\/p>\n<p>Weitere Informationen gibt es auch unter: www.dav-fulda.de im Bereich Gruppen.<\/p>\n","protected":false},"excerpt":{"rendered":"<div class=\"tmnf_excerpt\"><p>Die DAV Sektion Fulda hat am 11. Dezember 2015 ein erstes Schnupperklettern f\u00fcr Menschen mit Handicap angeboten \u2013 und zieht eine positive Bilanz. Bergsport f\u00fcr alle \u2013 Inklusion vertikal und horizontal. Unter diesem Motto stand das erste Schnupperklettern der DAV Sektion Fulda f\u00fcr Menschen mit Handicap. In seiner Begr\u00fc\u00dfung betonte Manfred Hagemann, 2. Vorsitzender der &hellip;<\/p>\n<\/div>","protected":false},"author":1,"featured_media":146551,"comment_status":"closed","ping_status":"closed","sticky":false,"template":"","format":"standard","meta":{"footnotes":""},"categories":[46],"tags":[],"class_list":["post-146546","post","type-post","status-publish","format-standard","has-post-thumbnail","hentry","category-sport"],"_links":{"self":[{"href":"https:\/\/www.fuldaernachrichten.de\/index.php?rest_route=\/wp\/v2\/posts\/146546","targetHints":{"allow":["GET"]}}],"collection":[{"href":"https:\/\/www.fuldaernachrichten.de\/index.php?rest_route=\/wp\/v2\/posts"}],"about":[{"href":"https:\/\/www.fuldaernachrichten.de\/index.php?rest_route=\/wp\/v2\/types\/post"}],"author":[{"embeddable":true,"href":"https:\/\/www.fuldaernachrichten.de\/index.php?rest_route=\/wp\/v2\/users\/1"}],"replies":[{"embeddable":true,"href":"https:\/\/www.fuldaernachrichten.de\/index.php?rest_route=%2Fwp%2Fv2%2Fcomments&post=146546"}],"version-history":[{"count":1,"href":"https:\/\/www.fuldaernachrichten.de\/index.php?rest_route=\/wp\/v2\/posts\/146546\/revisions"}],"predecessor-version":[{"id":146553,"href":"https:\/\/www.fuldaernachrichten.de\/index.php?rest_route=\/wp\/v2\/posts\/146546\/revisions\/146553"}],"wp:featuredmedia":[{"embeddable":true,"href":"https:\/\/www.fuldaernachrichten.de\/index.php?rest_route=\/wp\/v2\/media\/146551"}],"wp:attachment":[{"href":"https:\/\/www.fuldaernachrichten.de\/index.php?rest_route=%2Fwp%2Fv2%2Fmedia&parent=146546"}],"wp:term":[{"taxonomy":"category","embeddable":true,"href":"https:\/\/www.fuldaernachrichten.de\/index.php?rest_route=%2Fwp%2Fv2%2Fcategories&post=146546"},{"taxonomy":"post_tag","embeddable":true,"href":"https:\/\/www.fuldaernachrichten.de\/index.php?rest_route=%2Fwp%2Fv2%2Ftags&post=146546"}],"curies":[{"name":"wp","href":"https:\/\/api.w.org\/{rel}","templated":true}]}}