{"id":146380,"date":"2015-12-13T18:22:29","date_gmt":"2015-12-13T17:22:29","guid":{"rendered":"http:\/\/www.fuldaer-nachrichten.de\/?p=146380"},"modified":"2015-12-13T18:22:29","modified_gmt":"2015-12-13T17:22:29","slug":"ein-besonderer-kolping-gedenktag","status":"publish","type":"post","link":"https:\/\/www.fuldaernachrichten.de\/?p=146380","title":{"rendered":"Ein besonderer Kolping-Gedenktag"},"content":{"rendered":"<p>150. Todestag Adolph Kolpings, Weihe einer neuen Kolping-Kerze, Pfarrer Hilfenhaus neues Mitglied und neuer Pr\u00e4ses, Jubilarenehrungen,\u00c2\u00a0 Bezirkspr\u00e4ses Kranz mit vollem Elan. So kann man kurzgefasst den besonderen Kolping-Gedenktag umschreiben. Die Kolpingsfamilie freut sich nicht nur eine Kolping-Kerze zu haben, sie freut sich ganz besonders Pfarrer Franz Hilfenhaus als neues Mitglied und als neuen Pr\u00e4ses in ihren Reihen zu wissen. Bezirkspr\u00e4ses Diakon Thomas Kranz f\u00fchrte Pfarrer Hilfenhaus im Auftrage des Di\u00f6zesanverbandes in sein neues Amt ein. Nach dem\u00c2\u00a0 Gottesdienst und dem gemeinsamen Abendessen wurden von Peter Bickert Waltraud Dr\u00e4ger f\u00fcr 40 Jahre\u00c2\u00a0 und G\u00fcnter Pilz f\u00fcr 50 Jahre Mitgliedschaft im Internationalen Kolpingwerk geehrt. Danach sprach Bezirkspr\u00e4ses Kranz \u00fcber die Eigenschaften und Leistungen Adolph Kolpings und \u00fcbertrug diese zu\u00c2\u00a0 aktuellen Geschehnissen in Kirche und Gesellschaft.<\/p>\n","protected":false},"excerpt":{"rendered":"<div class=\"tmnf_excerpt\"><p>150. Todestag Adolph Kolpings, Weihe einer neuen Kolping-Kerze, Pfarrer Hilfenhaus neues Mitglied und neuer Pr\u00e4ses, Jubilarenehrungen,\u00c2\u00a0 Bezirkspr\u00e4ses Kranz mit vollem Elan. So kann man kurzgefasst den besonderen Kolping-Gedenktag umschreiben. Die Kolpingsfamilie freut sich nicht nur eine Kolping-Kerze zu haben, sie freut sich ganz besonders Pfarrer Franz Hilfenhaus als neues Mitglied und als neuen Pr\u00e4ses in &hellip;<\/p>\n<\/div>","protected":false},"author":1,"featured_media":0,"comment_status":"closed","ping_status":"closed","sticky":false,"template":"","format":"standard","meta":{"footnotes":""},"categories":[50],"tags":[],"class_list":["post-146380","post","type-post","status-publish","format-standard","hentry","category-kirche"],"_links":{"self":[{"href":"https:\/\/www.fuldaernachrichten.de\/index.php?rest_route=\/wp\/v2\/posts\/146380","targetHints":{"allow":["GET"]}}],"collection":[{"href":"https:\/\/www.fuldaernachrichten.de\/index.php?rest_route=\/wp\/v2\/posts"}],"about":[{"href":"https:\/\/www.fuldaernachrichten.de\/index.php?rest_route=\/wp\/v2\/types\/post"}],"author":[{"embeddable":true,"href":"https:\/\/www.fuldaernachrichten.de\/index.php?rest_route=\/wp\/v2\/users\/1"}],"replies":[{"embeddable":true,"href":"https:\/\/www.fuldaernachrichten.de\/index.php?rest_route=%2Fwp%2Fv2%2Fcomments&post=146380"}],"version-history":[{"count":1,"href":"https:\/\/www.fuldaernachrichten.de\/index.php?rest_route=\/wp\/v2\/posts\/146380\/revisions"}],"predecessor-version":[{"id":146388,"href":"https:\/\/www.fuldaernachrichten.de\/index.php?rest_route=\/wp\/v2\/posts\/146380\/revisions\/146388"}],"wp:attachment":[{"href":"https:\/\/www.fuldaernachrichten.de\/index.php?rest_route=%2Fwp%2Fv2%2Fmedia&parent=146380"}],"wp:term":[{"taxonomy":"category","embeddable":true,"href":"https:\/\/www.fuldaernachrichten.de\/index.php?rest_route=%2Fwp%2Fv2%2Fcategories&post=146380"},{"taxonomy":"post_tag","embeddable":true,"href":"https:\/\/www.fuldaernachrichten.de\/index.php?rest_route=%2Fwp%2Fv2%2Ftags&post=146380"}],"curies":[{"name":"wp","href":"https:\/\/api.w.org\/{rel}","templated":true}]}}