{"id":146365,"date":"2015-12-12T14:00:08","date_gmt":"2015-12-12T13:00:08","guid":{"rendered":"http:\/\/www.fuldaer-nachrichten.de\/?p=146365"},"modified":"2015-12-12T14:00:08","modified_gmt":"2015-12-12T13:00:08","slug":"klinikum-fulda-wuerdigt-verdiente-mitarbeiterinnen-und-mitarbeiter-2","status":"publish","type":"post","link":"https:\/\/www.fuldaernachrichten.de\/?p=146365","title":{"rendered":"Klinikum Fulda w\u00fcrdigt verdiente  Mitarbeiterinnen und Mitarbeiter"},"content":{"rendered":"<p>F\u00fcr ihre langj\u00e4hrige und verdienstvolle T\u00e4tigkeit wurde eine Mitarbeiterin f\u00fcr ihr\u00c2\u00a0 40-j\u00e4hriges und 23 Mitarbeiterinnen und Mitarbeiter des Klinikums Fulda und des Seniorenzentrums im Rahmen einer Jubil\u00e4umsveranstaltung f\u00fcr ihr 25-j\u00e4hriges Jubil\u00e4um im \u00f6ffentlichen Dienst geehrt. Sieben Mitarbeiterinnen und Mitarbeiter wurden in den Ruhestand verabschiedet.<\/p>\n<p>Priv.-Doz. Dr. Thomas Menzel, Vorstandssprecher des Klinikums Fulda, begr\u00fc\u00dfte die Jubilare und Ruhest\u00e4ndler\u00c2\u00a0 und bedankte sich f\u00fcr den engagierten Dienst. \u201eDer Grundstein eines jeden Krankenhauses sind immer die Menschen, die dort ihren Dienst an den Patientinnen und Patienten verrichten. Daran hat sich seit der Gr\u00fcndung unseres Hauses im Jahr 1805 nichts ge\u00e4ndert: Ihr Engagement, Ihre Arbeitsleistung, Ihre Zuwendung machen aus unserem Krankenhaus erst das was es ist \u2013 und daf\u00fcr geb\u00fchrt Ihnen unser Aller Dank\u201c, betonte Dr. Menzel. \u201eZu jeder Zeit haben die B\u00fcrgerinnen und B\u00fcrger der Region den Anspruch auf Kompetenz, Verantwortung und Geborgenheit an ihr Klinikum formuliert \u2013 und das ist stets die Richtschnur unseres Handelns\u201c, so der Vorstandssprecher weiter.<\/p>\n<p>Im Namen des Betriebsrates gratulierte anschlie\u00dfend der Betriebsratsvorsitzende ganz herzlich und betonte wie wichtig erfahrene langj\u00e4hrig Besch\u00e4ftigte insbesondere im Krankenhaus seien, um die t\u00e4glichen Herausforderungen zu bew\u00e4ltigen.\u00c2\u00a0 Im Anschluss an die Dankesworte stellte Dr. Menzel jeden der zu Ehrenden pers\u00f6nlich vor und berichtete kurz \u00fcber den jeweiligen beruflichen Lebenslauf im Unternehmen. Gemeinsam mit dem neuen Pflegedirektor Ronald Poljak wurden allen Jubilaren sowie Ruhest\u00e4ndlern als Zeichen des Dankes und der Verbundenheit Urkunden und\u00c2\u00a0 Pr\u00e4sente \u00fcberreicht.<\/p>\n<p>F\u00fcr ihr 40-J\u00e4hriges Dienstjubil\u00e4um wurden geehrt:<\/p>\n<p>Gerlinde Hess ist seit 1975 als Krankenschwester auf der Station 2A t\u00e4tig.\u00c2\u00a0 1982 hat sie die Funktion der stellvertretenden Stationsleitung \u00fcbernommen.<\/p>\n<p>F\u00fcr ihr 25-J\u00e4hriges Dienstjubil\u00e4um wurden geehrt:<\/p>\n<p>Sylvia Ax ist seit 1990 als Krankenschwester\u00c2\u00a0 und seit 1993 dort als Fachkrankenschwester auf der Intensivstation t\u00e4tig,<\/p>\n<p>Gabriele Br\u00e4hler ist von 1990 bis heute als K\u00fcchenhilfe in der K\u00fcche des Klinikums Fulda t\u00e4tig.<\/p>\n<p>Die ausgebildete K\u00f6chin Elke Dietrich wurde 1990 als K\u00fcchenhilfe in der K\u00fcche des Klinikums Fulda eingestellt und ist dort seit 2015 stellvertretende Schichtf\u00fchrerin.<\/p>\n<p>Claudia Dietz ist seit 1990 als Krankenschwester auf der Intensivstation des Klinikums Fulda t\u00e4tig.<\/p>\n<p>Margaretha Fink ist seit 1990 als K\u00fcchenhilfe in der K\u00fcche des Klinikums Fulda t\u00e4tig.<\/p>\n<p>Matthias Fischer hat seinen beruflichen Werdegang 1990 als Altenpfleger im St. Vinzenz Altenzentrum begonnen und ist derzeit als Altenpfleger im Wohnbereich 3 des Heilig Geist Seniorenzentrums t\u00e4tig.<\/p>\n<p>Gabriele Fleckenstein\u00c2\u00a0 hat ihren beruflichen Werdegang 1990 als Altenpflegerin im St. Vinzenz Altenzentrum begonnen und ist derzeit als Altenpflegerin im Wohnbereich 1 des Heilig Geist Seniorenzentrums eingesetzt.<\/p>\n<p>Nadja Gierke-Erb wurde 1990 als Krankenschwester auf die Station 9A der Frauenklinik \u00fcbernommen. Seit 2006 hat sie die Funktion der stellvertretenden Stationsleitung auf der Station 9A inne.<\/p>\n<p>Anja Gisselmann-Jehn ist seit 1990 als Krankenschwester im Klinikum Fulda t\u00e4tig und derzeit in der Rufzentrale eingesetzt.<\/p>\n<p>Carmen Griesel ist seit 1990 als Krankenschwester im Klinikum Fulda t\u00e4tig, derzeit auf der Station 1 Ost der Klinik f\u00fcr Psychiatrie und Psychotherapie.<\/p>\n<p>Monika Gutermuth ist seit 1990 als K\u00fcchenhilfe t\u00e4tig. 2004 wurde sie in der ZSVA eingesetzt und arbeitet derzeit auf der Station 3 C als Stationshilfe.<\/p>\n<p>Silvia von Hertwig ist seit 1987 als Medizinisch-technische Radiologie-Assistentin (MTRA) in der Klinik f\u00fcr Diagnostische und Therapeutische Nuklearmedizin t\u00e4tig.<\/p>\n<p>Andrea Knobloch arbeitet seit 1990 als Krankenschwester im Klinikum Fulda und ist derzeit in der Rufzentrale eingesetzt.<\/p>\n<p>Seit 1996 ist Martina Mehler als Krankenschwester im Klinikum Fulda t\u00e4tig. Seit Oktober 1999 ist sie als Fachkrankenschwester auf der ITS (Intensivstation) eingesetzt.<\/p>\n<p>Sylvia Mehler wurde 1990 als Sekret\u00e4rin in der Klinik f\u00fcr Orthop\u00e4die und Unfallchirurgie eingestellt und ist seit 2004 Chefsekret\u00e4rin in der Abteilung f\u00fcr Handchirurgie.<\/p>\n<p>Ursula Mehler ist seit 1990 als K\u00fcchenhilfe in im Klinikum Fulda t\u00e4tig.<\/p>\n<p>Susanne M\u00f6ller wurde 1990 als Krankenschwester im Klinikum Fulda \u00fcbernommen und ist aktuell auf der Station 9A der Frauenklinik eingesetzt.<\/p>\n<p>Ulrike Raacke hat 1990 als Krankenschwester auf die Station 2A angefangen. Seit 1991 ist sie in der Unfall-orthop\u00e4dischen Ambulanz eingesetzt.<\/p>\n<p>Melanie Reinhard-Bolz wurde 1990 als Krankenschwester auf der Station U1 \u00fcbernommen und ist derzeit auf der Station 0 C t\u00e4tig.<\/p>\n<p>Claudia Richwald ist seit 1990 als Di\u00e4tassistentin in der K\u00fcche und seit Februar 2015 im Ern\u00e4hrungszentrum des Klinikums Fulda t\u00e4tig.<\/p>\n<p>Dipl.-Informatiker Christoph Schneider wurde 1991 f\u00fcr das Institut f\u00fcr Laboratoriumsmedizin eingestellt. 2001 wurden alle\u00c2\u00a0 Datenverarbeitungsbereiche des Klinikums Fulda in der Abteilung Zentrale Datenverarbeitung zusammengef\u00fchrt. Hier ist Herr Schneider als Leiter System Service eingesetzt. Er ist zudem Datenschutzbeauftragter des Klinikums Fulda.<\/p>\n<p>Manuela Weber wurde 1990 als Krankenschwester auf die Station 5A Intensiv \u00fcbernommen. Seit 01.10.1997 ist sie dort als Fachkrankenschwester t\u00e4tig.<\/p>\n<p>Diana Wiedemann ist seit 1991 als Krankenschwester im Klinikum Fulda t\u00e4tig, derzeit auf der Station 9B.<\/p>\n<p>In den Ruhestand wurde verabschiedet:<\/p>\n<p>Christina Debes (Arzthelferin im EEG-Labor, Klinik f\u00fcr Neurologie), Margit Guntrum\u00c2\u00a0 (Chefarztsekret\u00e4rin im Institut f\u00fcr Pathologie), Beatrix H\u00f6hl (Krankenschwester, HNO-Klinik), Martina Hudemann (Psychologisch technische Assistentin, Klinik f\u00fcr Psychiatrie und Psychotherapie), Christina Nau (Krankenschwester, OU-Ambulanz und Zentrale Notaufnahme), Mara Simonovska (Mitarbeiterin des klinischen Hauspersonals, Zentral-OP), Brigitte Weber (Kinderkrankenschwester, Klinik f\u00fcr Kinder- und Jugendmedizin)<\/p>\n<p>Fotonachweis: Barbara Froese<\/p>\n","protected":false},"excerpt":{"rendered":"<div class=\"tmnf_excerpt\"><p>F\u00fcr ihre langj\u00e4hrige und verdienstvolle T\u00e4tigkeit wurde eine Mitarbeiterin f\u00fcr ihr\u00c2\u00a0 40-j\u00e4hriges und 23 Mitarbeiterinnen und Mitarbeiter des Klinikums Fulda und des Seniorenzentrums im Rahmen einer Jubil\u00e4umsveranstaltung f\u00fcr ihr 25-j\u00e4hriges Jubil\u00e4um im \u00f6ffentlichen Dienst geehrt. Sieben Mitarbeiterinnen und Mitarbeiter wurden in den Ruhestand verabschiedet. Priv.-Doz. Dr. Thomas Menzel, Vorstandssprecher des Klinikums Fulda, begr\u00fc\u00dfte die Jubilare &hellip;<\/p>\n<\/div>","protected":false},"author":1,"featured_media":146369,"comment_status":"closed","ping_status":"closed","sticky":false,"template":"","format":"standard","meta":{"footnotes":""},"categories":[51],"tags":[],"class_list":["post-146365","post","type-post","status-publish","format-standard","has-post-thumbnail","hentry","category-medizin"],"_links":{"self":[{"href":"https:\/\/www.fuldaernachrichten.de\/index.php?rest_route=\/wp\/v2\/posts\/146365","targetHints":{"allow":["GET"]}}],"collection":[{"href":"https:\/\/www.fuldaernachrichten.de\/index.php?rest_route=\/wp\/v2\/posts"}],"about":[{"href":"https:\/\/www.fuldaernachrichten.de\/index.php?rest_route=\/wp\/v2\/types\/post"}],"author":[{"embeddable":true,"href":"https:\/\/www.fuldaernachrichten.de\/index.php?rest_route=\/wp\/v2\/users\/1"}],"replies":[{"embeddable":true,"href":"https:\/\/www.fuldaernachrichten.de\/index.php?rest_route=%2Fwp%2Fv2%2Fcomments&post=146365"}],"version-history":[{"count":1,"href":"https:\/\/www.fuldaernachrichten.de\/index.php?rest_route=\/wp\/v2\/posts\/146365\/revisions"}],"predecessor-version":[{"id":146370,"href":"https:\/\/www.fuldaernachrichten.de\/index.php?rest_route=\/wp\/v2\/posts\/146365\/revisions\/146370"}],"wp:featuredmedia":[{"embeddable":true,"href":"https:\/\/www.fuldaernachrichten.de\/index.php?rest_route=\/wp\/v2\/media\/146369"}],"wp:attachment":[{"href":"https:\/\/www.fuldaernachrichten.de\/index.php?rest_route=%2Fwp%2Fv2%2Fmedia&parent=146365"}],"wp:term":[{"taxonomy":"category","embeddable":true,"href":"https:\/\/www.fuldaernachrichten.de\/index.php?rest_route=%2Fwp%2Fv2%2Fcategories&post=146365"},{"taxonomy":"post_tag","embeddable":true,"href":"https:\/\/www.fuldaernachrichten.de\/index.php?rest_route=%2Fwp%2Fv2%2Ftags&post=146365"}],"curies":[{"name":"wp","href":"https:\/\/api.w.org\/{rel}","templated":true}]}}