{"id":146279,"date":"2015-12-09T04:03:46","date_gmt":"2015-12-09T03:03:46","guid":{"rendered":"http:\/\/www.fuldaer-nachrichten.de\/?p=146279"},"modified":"2015-12-09T04:03:46","modified_gmt":"2015-12-09T03:03:46","slug":"spd-und-gruene-moechten-die-entstehung-bezahlbaren-wohnraums-foerdern","status":"publish","type":"post","link":"https:\/\/www.fuldaernachrichten.de\/?p=146279","title":{"rendered":"SPD und GR\u00dcNE m\u00f6chten die Entstehung bezahlbaren Wohnraums f\u00f6rdern"},"content":{"rendered":"<p>Am kommenden Freitag (11. Dezember 2015) tagt die Stadtverordnetenversammlung ab 15 Uhr im F\u00fcrstensaal \/ Stadtschloss, um den Haushaltsplan f\u00fcr die Stadt Fulda abschlie\u00dfend zu beraten und zu verabschieden. Anfang November wurden zahlreiche \u00c4nderungsantr\u00e4ge zu dem Etat-Entwurf 2016 eingebracht und in den Aussch\u00fcssen diskutiert und abgestimmt.<\/p>\n<p>Ein Schwerpunkt der Initiativen von SPD und GR\u00dcNEN liegt darin, die Entstehung von bezahlbaren Wohnungen zu f\u00f6rdern. So haben beide Fraktionen die Gr\u00fcndung einer st\u00e4dtischen Wohnungsbaugesellschaft vorgeschlagen: \u201eEine zentrale Entwicklung im Zuge des demographischen Wandels besteht im Wachstum der St\u00e4dte. Daraus resultiert, dass g\u00fcnstiger Wohnraum immer knapper wird und von unterschiedlichen Gruppen &#8211; Normalverdienende, Geringverdienende, sozial Benachteiligte, Studierende, Fl\u00fcchtlinge&#8230;-\u00c2\u00a0 verst\u00e4rkt nachgefragt wird. Das f\u00fchrt zu steigenden Mieten und l\u00f6st Verdr\u00e4ngungen von einkommensschw\u00e4cheren Bev\u00f6lkerungsgruppen aus\u201c, begr\u00fcnden die beiden Fraktionsvorsitzenden Ernst Sporer und Jonathan Wulff ihre Antr\u00e4ge.<\/p>\n<p>\u201eDieser Entwicklung muss rasch und effizient entgegengesteuert werden. Die bestehenden M\u00f6glichkeiten der Stadt reichen nicht aus &#8211; das zeigt die Wohnraumentwicklung der vergangenen Jahre leider sehr deutlich. Deshalb ist die Stadt Fulda gefordert, selbst aktiv zu werden. Die Erfahrungen aus anderen St\u00e4dten zeigen, dass ein gewisser Bestand an st\u00e4dtischem Wohnraum den Handlungsspielraum f\u00fcr die Steuerung der Wohnraumentwicklung erh\u00f6ht. Doch wie kaum anders zu erwarten, wurden unsere Antr\u00e4ge im Ausschuss f\u00fcr Bauwesen, Stadtplanung, Wirtschaft und Verkehr abgelehnt. So haben wir vereinbart, unserem gemeinsamen Anliegen mit einem gemeinsamen Antrag f\u00fcr die abschlie\u00dfende Haushaltsberatung am Freitag mehr Gewicht zu verleihen. Dieses Engagement soll die neuen Richtlinien zur F\u00f6rderung sozial gebundener Mietwohnungen nicht ersetzen, sondern erg\u00e4nzen\u201c, betonen die Fraktionschefs abschlie\u00dfend.<\/p>\n","protected":false},"excerpt":{"rendered":"<div class=\"tmnf_excerpt\"><p>Am kommenden Freitag (11. Dezember 2015) tagt die Stadtverordnetenversammlung ab 15 Uhr im F\u00fcrstensaal \/ Stadtschloss, um den Haushaltsplan f\u00fcr die Stadt Fulda abschlie\u00dfend zu beraten und zu verabschieden. Anfang November wurden zahlreiche \u00c4nderungsantr\u00e4ge zu dem Etat-Entwurf 2016 eingebracht und in den Aussch\u00fcssen diskutiert und abgestimmt. Ein Schwerpunkt der Initiativen von SPD und GR\u00dcNEN liegt &hellip;<\/p>\n<\/div>","protected":false},"author":1,"featured_media":0,"comment_status":"closed","ping_status":"closed","sticky":false,"template":"","format":"standard","meta":{"footnotes":""},"categories":[1],"tags":[],"class_list":["post-146279","post","type-post","status-publish","format-standard","hentry","category-startseite"],"_links":{"self":[{"href":"https:\/\/www.fuldaernachrichten.de\/index.php?rest_route=\/wp\/v2\/posts\/146279","targetHints":{"allow":["GET"]}}],"collection":[{"href":"https:\/\/www.fuldaernachrichten.de\/index.php?rest_route=\/wp\/v2\/posts"}],"about":[{"href":"https:\/\/www.fuldaernachrichten.de\/index.php?rest_route=\/wp\/v2\/types\/post"}],"author":[{"embeddable":true,"href":"https:\/\/www.fuldaernachrichten.de\/index.php?rest_route=\/wp\/v2\/users\/1"}],"replies":[{"embeddable":true,"href":"https:\/\/www.fuldaernachrichten.de\/index.php?rest_route=%2Fwp%2Fv2%2Fcomments&post=146279"}],"version-history":[{"count":1,"href":"https:\/\/www.fuldaernachrichten.de\/index.php?rest_route=\/wp\/v2\/posts\/146279\/revisions"}],"predecessor-version":[{"id":146280,"href":"https:\/\/www.fuldaernachrichten.de\/index.php?rest_route=\/wp\/v2\/posts\/146279\/revisions\/146280"}],"wp:attachment":[{"href":"https:\/\/www.fuldaernachrichten.de\/index.php?rest_route=%2Fwp%2Fv2%2Fmedia&parent=146279"}],"wp:term":[{"taxonomy":"category","embeddable":true,"href":"https:\/\/www.fuldaernachrichten.de\/index.php?rest_route=%2Fwp%2Fv2%2Fcategories&post=146279"},{"taxonomy":"post_tag","embeddable":true,"href":"https:\/\/www.fuldaernachrichten.de\/index.php?rest_route=%2Fwp%2Fv2%2Ftags&post=146279"}],"curies":[{"name":"wp","href":"https:\/\/api.w.org\/{rel}","templated":true}]}}