{"id":146251,"date":"2015-12-09T03:50:30","date_gmt":"2015-12-09T02:50:30","guid":{"rendered":"http:\/\/www.fuldaer-nachrichten.de\/?p=146251"},"modified":"2015-12-09T03:50:30","modified_gmt":"2015-12-09T02:50:30","slug":"rs-uebernimmt-sanierung-der-bundes-zolldienststelle-in-hanau-55-mitarbeiter-beziehen-neues-gebaeude-in-ehemaliger-hutier-kaserne","status":"publish","type":"post","link":"https:\/\/www.fuldaernachrichten.de\/?p=146251","title":{"rendered":"R+S \u00fcbernimmt Sanierung der Bundes-Zolldienststelle in Hanau &#8211; 55 Mitarbeiter beziehen neues Geb\u00e4ude in ehemaliger Hutier-Kaserne"},"content":{"rendered":"<p>Mit einem Gro\u00dfprojekt macht R+S in Hanau von sich reden: Die Fuldaer Unternehmensgruppe hat 2012 ein historisches Kasernenareal in der ehemaligen Hutier-Kaserne im Hanauer Stadtteil Lamboy gekauft und ist gerade dabei, den Komplex grundlegend zu sanieren. Schon bald gibt es dort neue Mieter: Ab Mai 2016 wird die Finanzkontrolle Schwarzarbeit (FKS), eine Unterabteilung des Hauptzollamts Darmstadt, mit 55 Mitarbeitern am Sophie-Scholl-Platz 9 firmieren. Auch dieses denkmalgesch\u00fctzte Geb\u00e4ude wird von R+S mit den Kompetenzen seiner Gesch\u00e4ftsbereiche \u2013 insbesondere Sanierung und Restrukturierung, Elektrotechnik sowie Heizungs-, Klima-, L\u00fcftungs- und Sanit\u00e4rtechnik \u2013 nach neuesten energischen Standards revitalisiert.<\/p>\n<p>R+S-Vorstandsmitglied Armin Alt ist hoch erfreut \u00fcber die Entwicklung des Gel\u00e4ndes: \u201eDer Zoll passt toll ins Konzept f\u00fcr das Areal, und mit seinem Einzug gewinnt das historische Ensemble weiter an Ansehen und Bedeutung.\u201c Mit dem Fortschritt der Vermarktung der Geb\u00e4ude rund um den Sophie-Scholl-Platz sei er sehr zufrieden. \u201eVier Geb\u00e4ude sind bereits voll vermietet, ein anderes wurde an einen privaten Investor verkauft, und f\u00fcr die restlichen gibt es bereits Vermarktungskonzepte sowie Gespr\u00e4che mit potenziellen K\u00e4ufern oder Mietern.\u201c Die Au\u00dfenanlage des Platzes werde R+S bis Ende 2016 fertigstellen. \u201eUnter anderem planen wir ein Bistro mit Terrasse sowie eine Gedenkst\u00e4tte f\u00fcr die einstige milit\u00e4rische Nutzung\u201c, erl\u00e4utert Alt.<\/p>\n<p>Bei einem Treffen vor Ort nahmen Claus Kaminsky (Oberb\u00fcrgermeister von Hanau), Vertreter des FKS, des Eigent\u00fcmers und der Hanau Wirtschaftsf\u00f6rderung das Projekt genauer unter die Lupe. \u201eWir freuen uns sehr, dass wir so einen guten zentralen Standort f\u00fcr die Abteilung gefunden haben\u201c, erkl\u00e4rte Peter Knoblauch vom Hauptzollamt Darmstadt. \u201eDas Geb\u00e4ude ist f\u00fcr unsere Zwecke ideal, da es uns komplett zur Verf\u00fcgung steht, mit rund 1200 Quadratmetern genug Raum bietet und zudem verkehrstechnisch ideal angebunden ist.\u201c Bisher seien der Main-Kinzig-Kreis und der Raum Offenbach von der Dienststelle in Frankfurt aus mitbetreut worden, erl\u00e4utert Knoblauch, \u201edoch in Zukunft werden wir vom Standort Hanau aus operieren.\u201c Viele der Mitarbeiter k\u00e4men aus dem Raum Hanau und freuten sich darauf, zuk\u00fcnftig k\u00fcrzere Arbeitswege zu haben.<\/p>\n<p>\u201eDas ist eine fantastische Entwicklung f\u00fcr dieses Areal und ein weiterer Baustein der Konversionsentwicklung im Stadtteil Lamboy\u201c, freute sich Oberb\u00fcrgermeister Kaminsky. \u201eMit der Zolldienststelle des Bundes siedelt sich hier ein solider langfristiger Mieter an, den wir in der Stadt herzlich willkommen hei\u00dfen.\u201c<\/p>\n<p>Von der Hauptfeuerwache \u00fcber den Kinzigbogen plus angrenzenden Wohnpark bis hin zum Gewerbegebiet \u201eAm Lamboywald\u201c und zum sanierten Areal auf der ehemaligen Hutier-Kaserne entwickle sich der gesamte Hanauer Bereich n\u00f6rdlich der Lamboystra\u00dfe sehr positiv, stellte Kaminsky fest. \u201eMenschen, die ein paar Jahre nicht mehr hier waren und jetzt in diesen Teil der Stadt kommen, w\u00fcrden ihn nicht wiedererkennen.\u201c<\/p>\n","protected":false},"excerpt":{"rendered":"<div class=\"tmnf_excerpt\"><p>Mit einem Gro\u00dfprojekt macht R+S in Hanau von sich reden: Die Fuldaer Unternehmensgruppe hat 2012 ein historisches Kasernenareal in der ehemaligen Hutier-Kaserne im Hanauer Stadtteil Lamboy gekauft und ist gerade dabei, den Komplex grundlegend zu sanieren. Schon bald gibt es dort neue Mieter: Ab Mai 2016 wird die Finanzkontrolle Schwarzarbeit (FKS), eine Unterabteilung des Hauptzollamts &hellip;<\/p>\n<\/div>","protected":false},"author":1,"featured_media":146252,"comment_status":"closed","ping_status":"closed","sticky":false,"template":"","format":"standard","meta":{"footnotes":""},"categories":[1],"tags":[],"class_list":["post-146251","post","type-post","status-publish","format-standard","has-post-thumbnail","hentry","category-startseite"],"_links":{"self":[{"href":"https:\/\/www.fuldaernachrichten.de\/index.php?rest_route=\/wp\/v2\/posts\/146251","targetHints":{"allow":["GET"]}}],"collection":[{"href":"https:\/\/www.fuldaernachrichten.de\/index.php?rest_route=\/wp\/v2\/posts"}],"about":[{"href":"https:\/\/www.fuldaernachrichten.de\/index.php?rest_route=\/wp\/v2\/types\/post"}],"author":[{"embeddable":true,"href":"https:\/\/www.fuldaernachrichten.de\/index.php?rest_route=\/wp\/v2\/users\/1"}],"replies":[{"embeddable":true,"href":"https:\/\/www.fuldaernachrichten.de\/index.php?rest_route=%2Fwp%2Fv2%2Fcomments&post=146251"}],"version-history":[{"count":1,"href":"https:\/\/www.fuldaernachrichten.de\/index.php?rest_route=\/wp\/v2\/posts\/146251\/revisions"}],"predecessor-version":[{"id":146253,"href":"https:\/\/www.fuldaernachrichten.de\/index.php?rest_route=\/wp\/v2\/posts\/146251\/revisions\/146253"}],"wp:featuredmedia":[{"embeddable":true,"href":"https:\/\/www.fuldaernachrichten.de\/index.php?rest_route=\/wp\/v2\/media\/146252"}],"wp:attachment":[{"href":"https:\/\/www.fuldaernachrichten.de\/index.php?rest_route=%2Fwp%2Fv2%2Fmedia&parent=146251"}],"wp:term":[{"taxonomy":"category","embeddable":true,"href":"https:\/\/www.fuldaernachrichten.de\/index.php?rest_route=%2Fwp%2Fv2%2Fcategories&post=146251"},{"taxonomy":"post_tag","embeddable":true,"href":"https:\/\/www.fuldaernachrichten.de\/index.php?rest_route=%2Fwp%2Fv2%2Ftags&post=146251"}],"curies":[{"name":"wp","href":"https:\/\/api.w.org\/{rel}","templated":true}]}}