{"id":146248,"date":"2015-12-09T03:54:56","date_gmt":"2015-12-09T02:54:56","guid":{"rendered":"http:\/\/www.fuldaer-nachrichten.de\/?p=146248"},"modified":"2015-12-09T03:54:56","modified_gmt":"2015-12-09T02:54:56","slug":"spendenscheck-von-schuetze-und-seifert-fuer-die-oekumenischen-bahnhofsmission-fulda","status":"publish","type":"post","link":"https:\/\/www.fuldaernachrichten.de\/?p=146248","title":{"rendered":"Spendenscheck von Sch\u00fctze und Seifert f\u00fcr die \u00f6kumenischen Bahnhofsmission Fulda"},"content":{"rendered":"<p>Regelm\u00e4\u00dfig spendet die Firma f\u00fcr Personalvermittlung und Arbeitnehmer\u00fcberlassung Sch\u00fctze und Seifert mit Niederlassungen in Fulda, Gie\u00dfen, Frankfurt und W\u00fcrzburg in der Weihnachtszeit an die \u00d6kumenischen Bahnhofsmission Fulda. Auch in diesem Jahr \u00fcbergaben die Gesch\u00e4ftsf\u00fchrer Walther Sch\u00fctze (rechts) und Matthias Seifert (3.v.r.) sowie Sven P\u00f6ttgen (2.v.l.) einen Scheck in H\u00f6he von 500 Euro und Nikol\u00e4use f\u00fcr die Arbeit der Bahnhofsmission und die G\u00e4ste an die diensthabenden Mitarbeiterinnen Renate Lahann (links), Waltraud Riedl (3.v.l.) und die Leiterin Monika Niestroj (2.v.r.). Mit der Spende wolle man die ehrenamtliche Arbeit unterst\u00fctzen, sagte Walther Sch\u00fctze. Seine Wertsch\u00e4tzung gelte den Ehrenamtlichen, die Woche f\u00fcr Woche Menschen, die unterwegs seien auf vielf\u00e4ltige Weise helfen w\u00fcrden. Jeder Mensch sei willkommen, ob Bahnreisende oder Obdachlose, so Monika Niestroj. Man m\u00fcsse schon ein Herz f\u00fcr die Menschen haben, die die \u00d6kumenische Bahnhofsmission aufsuchen w\u00fcrden. Neben den klassischen Bahnreisenden und der angeforderten Umsteigehilfe sowie Kids on Tour, k\u00e4men auch Menschen, die am Rande unserer Gesellschaft lebten um eine Tasse Kaffee zu trinken oder ein Brot zu essen. Die \u00f6kumenische Bahnhofsmission Fulda mit fast 30.000 Kontakten j\u00e4hrlich, ist eine der wenigen Bahnhofsmissionen in Deutschland, die ausschlie\u00dflich mit Ehrenamtlichen arbeitet. Walther Sch\u00fctze war vor Jahren durch die durch eine ehrenamtliche Mitarbeiterin Frau Fiebig auf die Bahnhofsmission aufmerksam geworden. F\u00fcr Informationen und ehrenamtliche Mitarbeit: Tel.: 0661\/ 73327, <a href=\"mailto:fulda@bahnhofsmission.de\">fulda@bahnhofsmission.de<\/a>, <a href=\"http:\/\/www.bahnhofsmission.de\">www.bahnhofsmission.de<\/a> oder \u00fcber die Internetseiten von Caritas und Diakonie.<\/p>\n","protected":false},"excerpt":{"rendered":"<div class=\"tmnf_excerpt\"><p>Regelm\u00e4\u00dfig spendet die Firma f\u00fcr Personalvermittlung und Arbeitnehmer\u00fcberlassung Sch\u00fctze und Seifert mit Niederlassungen in Fulda, Gie\u00dfen, Frankfurt und W\u00fcrzburg in der Weihnachtszeit an die \u00d6kumenischen Bahnhofsmission Fulda. Auch in diesem Jahr \u00fcbergaben die Gesch\u00e4ftsf\u00fchrer Walther Sch\u00fctze (rechts) und Matthias Seifert (3.v.r.) sowie Sven P\u00f6ttgen (2.v.l.) einen Scheck in H\u00f6he von 500 Euro und Nikol\u00e4use f\u00fcr &hellip;<\/p>\n<\/div>","protected":false},"author":1,"featured_media":146259,"comment_status":"closed","ping_status":"closed","sticky":false,"template":"","format":"standard","meta":{"footnotes":""},"categories":[1],"tags":[],"class_list":["post-146248","post","type-post","status-publish","format-standard","has-post-thumbnail","hentry","category-startseite"],"_links":{"self":[{"href":"https:\/\/www.fuldaernachrichten.de\/index.php?rest_route=\/wp\/v2\/posts\/146248","targetHints":{"allow":["GET"]}}],"collection":[{"href":"https:\/\/www.fuldaernachrichten.de\/index.php?rest_route=\/wp\/v2\/posts"}],"about":[{"href":"https:\/\/www.fuldaernachrichten.de\/index.php?rest_route=\/wp\/v2\/types\/post"}],"author":[{"embeddable":true,"href":"https:\/\/www.fuldaernachrichten.de\/index.php?rest_route=\/wp\/v2\/users\/1"}],"replies":[{"embeddable":true,"href":"https:\/\/www.fuldaernachrichten.de\/index.php?rest_route=%2Fwp%2Fv2%2Fcomments&post=146248"}],"version-history":[{"count":1,"href":"https:\/\/www.fuldaernachrichten.de\/index.php?rest_route=\/wp\/v2\/posts\/146248\/revisions"}],"predecessor-version":[{"id":146261,"href":"https:\/\/www.fuldaernachrichten.de\/index.php?rest_route=\/wp\/v2\/posts\/146248\/revisions\/146261"}],"wp:featuredmedia":[{"embeddable":true,"href":"https:\/\/www.fuldaernachrichten.de\/index.php?rest_route=\/wp\/v2\/media\/146259"}],"wp:attachment":[{"href":"https:\/\/www.fuldaernachrichten.de\/index.php?rest_route=%2Fwp%2Fv2%2Fmedia&parent=146248"}],"wp:term":[{"taxonomy":"category","embeddable":true,"href":"https:\/\/www.fuldaernachrichten.de\/index.php?rest_route=%2Fwp%2Fv2%2Fcategories&post=146248"},{"taxonomy":"post_tag","embeddable":true,"href":"https:\/\/www.fuldaernachrichten.de\/index.php?rest_route=%2Fwp%2Fv2%2Ftags&post=146248"}],"curies":[{"name":"wp","href":"https:\/\/api.w.org\/{rel}","templated":true}]}}