{"id":146205,"date":"2015-12-08T00:18:57","date_gmt":"2015-12-07T23:18:57","guid":{"rendered":"http:\/\/www.fuldaer-nachrichten.de\/?p=146205"},"modified":"2015-12-08T00:18:57","modified_gmt":"2015-12-07T23:18:57","slug":"idealer-standort-fuer-ein-regionalregal-der-dachmarke-rhoen","status":"publish","type":"post","link":"https:\/\/www.fuldaernachrichten.de\/?p=146205","title":{"rendered":"Idealer Standort f\u00fcr ein Regionalregal der Dachmarke Rh\u00f6n"},"content":{"rendered":"<p><strong>In der Info-Stelle \u201eSchwarzes Moor\u201c des Vereins Naturpark &amp; Biosph\u00e4renreservat Bayerische Rh\u00f6n e.V. k\u00f6nnen die G\u00e4ste nun auch Rh\u00f6ner Produkte kaufen. Seit einigen Tagen gibt es hier ein Regionalregal der Dachmarke Rh\u00f6n \u2013 zugleich das bislang h\u00f6chst gelegene seiner Art in der bayerischen Rh\u00f6n.<\/strong><\/p>\n<p>&nbsp;<\/p>\n<p>Zur offiziellen Einweihung des Rh\u00f6ner Regionalregals konnte der Leiter der bayerischen Verwaltungsstelle des Biosph\u00e4renreservats Rh\u00f6n, Michael Geier, den Landrat des Landkreises Rh\u00f6n-Grabfeld Thomas Habermann, die 2. B\u00fcrgermeisterin der Stadt Fladungen Eva Kalla, den <strong>Gesch\u00e4ftsf\u00fchrer des Vereins Naturpark &amp; Biosph\u00e4renreservat<\/strong> Bayrische Rh\u00f6n e.V. <strong>Klaus Spitzl, Hannelore Rundell und Stephanie M\u00fcller von der Dachmarke Rh\u00f6n sowie als Mitarbeiterin der Info-Stelle Irene Friedrich begr\u00fc\u00dfen. <\/strong><\/p>\n<p><strong>\u00c2\u00a0<\/strong><\/p>\n<p><strong>Hannelore Rundell freute sich, dass jetzt schon das 12. Regionalregal der Dachmarke Rh\u00f6n er\u00f6ffnet worden ist. Die Regionalregionale seien wichtig, um Rh\u00f6ner Produkte erfolgreich vermarkten zu k\u00f6nnen. <\/strong>Das Besondere an den Produkten, die mit dem Qualit\u00e4tssiegel und dem Biosiegel Rh\u00f6n ausgezeichnet sind, sei eine glaubw\u00fcrdige Regionalit\u00e4t auf der Basis von genau festgelegten Kriterien. <strong>Gerade die Info-Stelle \u201eSchwarzes Moor\u201c sei ein idealer Standort f\u00fcr ein solches Regal, da j\u00e4hrlich mehr als 25 000 G\u00e4ste die Info-Stelle besuchen.<\/strong><\/p>\n<p><strong>\u00c2\u00a0<\/strong><\/p>\n<p>Landrat Thomas Habermann dankte dem Freistaat Bayern, dass das Regionalregal in der Infostelle unterkommen konnte und nun mit seinen von der Dachmarke Rh\u00f6n gesiegelten Produkten eine weitere Wertsch\u00f6pfung in Sachen Regionalit\u00e4t darstellt.<\/p>\n","protected":false},"excerpt":{"rendered":"<div class=\"tmnf_excerpt\"><p>In der Info-Stelle \u201eSchwarzes Moor\u201c des Vereins Naturpark &amp; Biosph\u00e4renreservat Bayerische Rh\u00f6n e.V. k\u00f6nnen die G\u00e4ste nun auch Rh\u00f6ner Produkte kaufen. Seit einigen Tagen gibt es hier ein Regionalregal der Dachmarke Rh\u00f6n \u2013 zugleich das bislang h\u00f6chst gelegene seiner Art in der bayerischen Rh\u00f6n. &nbsp; Zur offiziellen Einweihung des Rh\u00f6ner Regionalregals konnte der Leiter der &hellip;<\/p>\n<\/div>","protected":false},"author":1,"featured_media":146210,"comment_status":"closed","ping_status":"closed","sticky":false,"template":"","format":"standard","meta":{"footnotes":""},"categories":[1],"tags":[],"class_list":["post-146205","post","type-post","status-publish","format-standard","has-post-thumbnail","hentry","category-startseite"],"_links":{"self":[{"href":"https:\/\/www.fuldaernachrichten.de\/index.php?rest_route=\/wp\/v2\/posts\/146205","targetHints":{"allow":["GET"]}}],"collection":[{"href":"https:\/\/www.fuldaernachrichten.de\/index.php?rest_route=\/wp\/v2\/posts"}],"about":[{"href":"https:\/\/www.fuldaernachrichten.de\/index.php?rest_route=\/wp\/v2\/types\/post"}],"author":[{"embeddable":true,"href":"https:\/\/www.fuldaernachrichten.de\/index.php?rest_route=\/wp\/v2\/users\/1"}],"replies":[{"embeddable":true,"href":"https:\/\/www.fuldaernachrichten.de\/index.php?rest_route=%2Fwp%2Fv2%2Fcomments&post=146205"}],"version-history":[{"count":1,"href":"https:\/\/www.fuldaernachrichten.de\/index.php?rest_route=\/wp\/v2\/posts\/146205\/revisions"}],"predecessor-version":[{"id":146211,"href":"https:\/\/www.fuldaernachrichten.de\/index.php?rest_route=\/wp\/v2\/posts\/146205\/revisions\/146211"}],"wp:featuredmedia":[{"embeddable":true,"href":"https:\/\/www.fuldaernachrichten.de\/index.php?rest_route=\/wp\/v2\/media\/146210"}],"wp:attachment":[{"href":"https:\/\/www.fuldaernachrichten.de\/index.php?rest_route=%2Fwp%2Fv2%2Fmedia&parent=146205"}],"wp:term":[{"taxonomy":"category","embeddable":true,"href":"https:\/\/www.fuldaernachrichten.de\/index.php?rest_route=%2Fwp%2Fv2%2Fcategories&post=146205"},{"taxonomy":"post_tag","embeddable":true,"href":"https:\/\/www.fuldaernachrichten.de\/index.php?rest_route=%2Fwp%2Fv2%2Ftags&post=146205"}],"curies":[{"name":"wp","href":"https:\/\/api.w.org\/{rel}","templated":true}]}}