{"id":146193,"date":"2015-12-08T00:10:32","date_gmt":"2015-12-07T23:10:32","guid":{"rendered":"http:\/\/www.fuldaer-nachrichten.de\/?p=146193"},"modified":"2015-12-08T00:10:32","modified_gmt":"2015-12-07T23:10:32","slug":"trend-ferien-auf-dem-bauernhof","status":"publish","type":"post","link":"https:\/\/www.fuldaernachrichten.de\/?p=146193","title":{"rendered":"Trend: Ferien auf dem Bauernhof"},"content":{"rendered":"<p>In den letzten Jahren war das Angebotssegment Ferien auf dem Bauernhof etwas in Vergessenheit geraten. Regionalmanagerin Antje Voll sieht hier Handlungsbedarf und gute Chancen f\u00fcr landwirtschaftliche Betriebe, sich breiter aufzustellen.<\/p>\n<p>Im Rahmen einer touristischen Umfrage eines renommierten Institutes wurde herausgearbeitet, dass bundesweit viele B\u00fcrger mit der Rh\u00f6n Ferien auf dem Bauernhof verbinden. Im touristischen Marketing der Hessischen Rh\u00f6n spielte diese Urlaubsform allerdings kaum noch eine Rolle. Mit Aufl\u00f6sung des Urlaubsringes Rh\u00f6n, der \u00fcber viele Jahre die Interessen der landwirtschaftlichen Betriebe b\u00fcndelte, gab es kaum noch Ansprechpartner und Unterst\u00fctzung. Dies soll sich jetzt \u00e4ndern, so Antje Voll. Gemeinsam mit dem Fachdienst Dorferneuerung, dem Fachdienst Landwirtschaft vom Landratsamt Fulda und der landwirtschaftlichen Beraterin des Biosph\u00e4renreservates will man k\u00fcnftig f\u00fcr die Anbieter von Ferien auf dem Bauernhof runde Tische und Fortbildungsveranstaltungen organisieren. Darauf verst\u00e4ndigte man sich bei einem Arbeitstreffen mit Anbietern im Bauernhofcaf\u00e9 Knottenhof in Dassen.<\/p>\n<p>Besonders bemerkenswert ist f\u00fcr Frau Voll, dass das Potential in der Hessischen Rh\u00f6n v\u00f6llig untersch\u00e4tzt wurde. In den amtlichen Listen waren kaum mehr als ein Dutzend Betriebe gelistet. Nach intensiver Recherche und vielen Telefoninterviews wurden nun f\u00fcr die Hessische Rh\u00f6n 43 tierhaltende landwirtschaftliche Betriebe ermittelt, die Ferienangebote f\u00fcr G\u00e4ste offerieren. Dabei haben die meisten Betriebe 2 \u2013 6 Ferienwohnungen, eine bunte Vielfalt an Haus- und Nutztieren von K\u00fchen \u00fcber Esel bis hin zum Kaninchen und bedienen oftmals sehr erfolgreich Nischen, wie Angebote f\u00fcr Menschen mit Behinderung oder Zusatzangebote wie Eselwanderungen.<\/p>\n<p>Im Rahmen des runden Tisches am Knottenhof signalisierten alle Anbieter, dass die Nachfrage und die Auslastung gut seien. Aus Sicht des Vereins Natur- und Lebensraum Rh\u00f6n gibt es hier durchaus weitere Marktpotentiale. G\u00fcnstig ist In diesem Zusammenhang auch, dass aktuell F\u00f6rdermittel f\u00fcr den Ausbau von derartigen Angeboten auf Bauernh\u00f6fen zur Verf\u00fcgung stehen.<\/p>\n","protected":false},"excerpt":{"rendered":"<div class=\"tmnf_excerpt\"><p>In den letzten Jahren war das Angebotssegment Ferien auf dem Bauernhof etwas in Vergessenheit geraten. Regionalmanagerin Antje Voll sieht hier Handlungsbedarf und gute Chancen f\u00fcr landwirtschaftliche Betriebe, sich breiter aufzustellen. Im Rahmen einer touristischen Umfrage eines renommierten Institutes wurde herausgearbeitet, dass bundesweit viele B\u00fcrger mit der Rh\u00f6n Ferien auf dem Bauernhof verbinden. Im touristischen Marketing &hellip;<\/p>\n<\/div>","protected":false},"author":1,"featured_media":0,"comment_status":"closed","ping_status":"closed","sticky":false,"template":"","format":"standard","meta":{"footnotes":""},"categories":[1],"tags":[],"class_list":["post-146193","post","type-post","status-publish","format-standard","hentry","category-startseite"],"_links":{"self":[{"href":"https:\/\/www.fuldaernachrichten.de\/index.php?rest_route=\/wp\/v2\/posts\/146193","targetHints":{"allow":["GET"]}}],"collection":[{"href":"https:\/\/www.fuldaernachrichten.de\/index.php?rest_route=\/wp\/v2\/posts"}],"about":[{"href":"https:\/\/www.fuldaernachrichten.de\/index.php?rest_route=\/wp\/v2\/types\/post"}],"author":[{"embeddable":true,"href":"https:\/\/www.fuldaernachrichten.de\/index.php?rest_route=\/wp\/v2\/users\/1"}],"replies":[{"embeddable":true,"href":"https:\/\/www.fuldaernachrichten.de\/index.php?rest_route=%2Fwp%2Fv2%2Fcomments&post=146193"}],"version-history":[{"count":1,"href":"https:\/\/www.fuldaernachrichten.de\/index.php?rest_route=\/wp\/v2\/posts\/146193\/revisions"}],"predecessor-version":[{"id":146197,"href":"https:\/\/www.fuldaernachrichten.de\/index.php?rest_route=\/wp\/v2\/posts\/146193\/revisions\/146197"}],"wp:attachment":[{"href":"https:\/\/www.fuldaernachrichten.de\/index.php?rest_route=%2Fwp%2Fv2%2Fmedia&parent=146193"}],"wp:term":[{"taxonomy":"category","embeddable":true,"href":"https:\/\/www.fuldaernachrichten.de\/index.php?rest_route=%2Fwp%2Fv2%2Fcategories&post=146193"},{"taxonomy":"post_tag","embeddable":true,"href":"https:\/\/www.fuldaernachrichten.de\/index.php?rest_route=%2Fwp%2Fv2%2Ftags&post=146193"}],"curies":[{"name":"wp","href":"https:\/\/api.w.org\/{rel}","templated":true}]}}