{"id":146190,"date":"2015-12-08T00:09:21","date_gmt":"2015-12-07T23:09:21","guid":{"rendered":"http:\/\/www.fuldaer-nachrichten.de\/?p=146190"},"modified":"2015-12-08T00:09:21","modified_gmt":"2015-12-07T23:09:21","slug":"jugendgruppe-der-dav-sektion-fulda-beim-kids-cup-finale-auch-im-finale-unter-den-top-ten","status":"publish","type":"post","link":"https:\/\/www.fuldaernachrichten.de\/?p=146190","title":{"rendered":"Jugendgruppe der DAV Sektion Fulda beim Kids-Cup-Finale Auch im Finale unter den Top Ten"},"content":{"rendered":"<p>Die Jugendgruppe der DAV Sektion Fulda hat sich am 28. November erfolgreich beim Westdeutschen Kids-Cup-Finale in Aachen pr\u00e4sentiert. Am Ende konnten die insgesamt sechs Fuldaer Jugendlichen drei Top Ten-Pl\u00e4tze mit nach Hause nehmen und haben damit sehr erfolgreich ihr Heimat-Bundesland Hessen vertreten.<\/p>\n<p>Der Tivoli Rock \u2013 die Aachener Kletterhalle \u2013 war zum Westdeutschen Kids-Cup-Finale bis auf den letzten Platz gef\u00fcllt. Mehr als 140 Nachwuchskletterer aus Nordrhein Westfalen, Hessen, Rheinland Pfalz und dem Saarland hatten sich versammelt, um die besten ihrer Leistungsklassen zu ermitteln. Dazu hie\u00df es, sich in drei Kletterrouten, vier Boulderproblemen und einer Speedroute zu beweisen. Bei bester Stimmung und unter den lauten Anfeuerungsrufen der Teamkollegen zeigten die jungen Kletterer ihr K\u00f6nnen. Auch die Jugendgruppe der DAV Sektion Fulda legte sich ordentlich ins Zeug und konnte am Schluss drei Platzierungen unter den Top Ten erzielen.<\/p>\n<p>Allen voran belegte Luzie Walcher Platz 6 in der Jugend C w, nachdem sie bereits in den hessischen Qualifizierungsrunden Spitzen-platzierungen erreicht hatte. \u00c4hnlich stark wie in den Vorrunden zeigte sich auch Leo Bindernagel, der beim Finale in der Jugend E m Platz 6 belegte. Als dritte im Bunde sicherte Joela Remmert in der Jugend C w f\u00fcr die DAV Sektion Fulda den 10. Platz. Zus\u00e4tzlich konnten Lilli Brod (Platz 14 Jugend C w), Frieda Sch\u00e4fer (Platz 16 Jugend C w) und Liam Winner (Platz 16 Jugend C m) weitere gute Platzierungen erreichen, so dass die Jugendgruppe insgesamt sehr erfolgreich die eigene Sektion als auch ihr Heimat-Bundesland Hessen vertreten hat.<\/p>\n<p><strong>Fuldaer Sektion hatte sich alle 6 Finaltickets f\u00fcr Hessen gesichert<\/strong><\/p>\n<p>Bereits beim letzten hessischen Kids-Cup in diesem Jahr in Kassel hatte sich die DAV Sektion Fulda alle sechs m\u00f6glichen Finaltickets f\u00fcr Hessen gesichert. Mit einer gro\u00dfen Gruppe ging die Jugendgruppe zur letzten hessischen Kids-Cup-Veranstaltung an den Start: insgesamt sieben Jugendliche zwischen 8 und 13 Jahren kletterten am 14. November in Kassel f\u00fcr eine gute Platzierung \u2013 und die Qualifizierung f\u00fcr das Kids-Cup Finale in Aachen. Das Podest erreichten schlie\u00dflich Luzie Walcher in der Jugend C (12-13 Jahre) mit dem 3. Platz und Leo<\/p>\n<p>&nbsp;<\/p>\n<p>Bindernagel in der Jugend E (8-9 Jahre) mit einem 2. Platz. Trotz einer starken Konkurrenz kletterten sie sich gekonnt durch die einzelnen Routen und erzielten die vorderen Pl\u00e4tze in ihrer Altersgruppe.<\/p>\n","protected":false},"excerpt":{"rendered":"<div class=\"tmnf_excerpt\"><p>Die Jugendgruppe der DAV Sektion Fulda hat sich am 28. November erfolgreich beim Westdeutschen Kids-Cup-Finale in Aachen pr\u00e4sentiert. Am Ende konnten die insgesamt sechs Fuldaer Jugendlichen drei Top Ten-Pl\u00e4tze mit nach Hause nehmen und haben damit sehr erfolgreich ihr Heimat-Bundesland Hessen vertreten. Der Tivoli Rock \u2013 die Aachener Kletterhalle \u2013 war zum Westdeutschen Kids-Cup-Finale bis &hellip;<\/p>\n<\/div>","protected":false},"author":1,"featured_media":146191,"comment_status":"closed","ping_status":"closed","sticky":false,"template":"","format":"standard","meta":{"footnotes":""},"categories":[46],"tags":[],"class_list":["post-146190","post","type-post","status-publish","format-standard","has-post-thumbnail","hentry","category-sport"],"_links":{"self":[{"href":"https:\/\/www.fuldaernachrichten.de\/index.php?rest_route=\/wp\/v2\/posts\/146190","targetHints":{"allow":["GET"]}}],"collection":[{"href":"https:\/\/www.fuldaernachrichten.de\/index.php?rest_route=\/wp\/v2\/posts"}],"about":[{"href":"https:\/\/www.fuldaernachrichten.de\/index.php?rest_route=\/wp\/v2\/types\/post"}],"author":[{"embeddable":true,"href":"https:\/\/www.fuldaernachrichten.de\/index.php?rest_route=\/wp\/v2\/users\/1"}],"replies":[{"embeddable":true,"href":"https:\/\/www.fuldaernachrichten.de\/index.php?rest_route=%2Fwp%2Fv2%2Fcomments&post=146190"}],"version-history":[{"count":1,"href":"https:\/\/www.fuldaernachrichten.de\/index.php?rest_route=\/wp\/v2\/posts\/146190\/revisions"}],"predecessor-version":[{"id":146192,"href":"https:\/\/www.fuldaernachrichten.de\/index.php?rest_route=\/wp\/v2\/posts\/146190\/revisions\/146192"}],"wp:featuredmedia":[{"embeddable":true,"href":"https:\/\/www.fuldaernachrichten.de\/index.php?rest_route=\/wp\/v2\/media\/146191"}],"wp:attachment":[{"href":"https:\/\/www.fuldaernachrichten.de\/index.php?rest_route=%2Fwp%2Fv2%2Fmedia&parent=146190"}],"wp:term":[{"taxonomy":"category","embeddable":true,"href":"https:\/\/www.fuldaernachrichten.de\/index.php?rest_route=%2Fwp%2Fv2%2Fcategories&post=146190"},{"taxonomy":"post_tag","embeddable":true,"href":"https:\/\/www.fuldaernachrichten.de\/index.php?rest_route=%2Fwp%2Fv2%2Ftags&post=146190"}],"curies":[{"name":"wp","href":"https:\/\/api.w.org\/{rel}","templated":true}]}}