{"id":146121,"date":"2015-12-03T19:13:35","date_gmt":"2015-12-03T18:13:35","guid":{"rendered":"http:\/\/www.fuldaer-nachrichten.de\/?p=146121"},"modified":"2015-12-03T19:13:35","modified_gmt":"2015-12-03T18:13:35","slug":"wirtschaftsjunioren-fulda-christoph-jahn-wird-kreissprecher-2016","status":"publish","type":"post","link":"https:\/\/www.fuldaernachrichten.de\/?p=146121","title":{"rendered":"Wirtschaftsjunioren Fulda: Christoph Jahn wird Kreissprecher 2016"},"content":{"rendered":"<p>Christoph Jahn wird im Jahr 2016 neuer Kreissprecher der Wirtschaftsjunioren (WJ) Fulda. Nach dem Motto \u201eOne year to lead\u201c wurde der Firmenkundenbetreuer bei der HypoVereinsbank am 2. Dezember auf der Jahreshauptversammlung der jungen Fu\u00cc\u02c6hrungskr\u00e4fte im Morgensternhaus in Fulda fu\u00cc\u02c6r das n\u00e4chste Jahr gew\u00e4hlt.<br \/>\nDer 38-J\u00e4hrige l\u00f6st am 1. Januar 2016 Thorsten Vogt (Deutsche Glu\u00cc\u02c6cksstiftung) ab. Der Kreissprecher 2015 wird im n\u00e4chsten Jahr turnusgem\u00e4\u00df Immediate Past President im Vorstand der Wirtschaftsjunioren.<\/p>\n<p>Christoph Jahn ist seit dem Jahr 2012 Mitglied des Vereins. Der Betriebswirt wird neben Thorsten Vogt unterstu\u00cc\u02c6tzt von den Vorstandsmitgliedern Tobias Abel (VR Genossenschaftsbank Fulda eG), Stephan Edeling (SSI Sch\u00e4fer GmbH) als Vertreter der F\u00f6rdermitglieder*, Johannes Hohmann (Herm. Hohmann GmbH Baudekoration), Johannes Keller (Richard Keller KG), Olga Krieger (Gute Seele &#8211; Die kreative Werbeagentur!), Pascal We\u00df (VR Immobilien GmbH) und das kooptierte Vorstandsmitglied Thomas Berger (Institut fu\u00cc\u02c6r interdisziplin\u00e4re Forschung inter.research e. V.)<\/p>\n<p>Thorsten Vogt fu\u00cc\u02c6hrte souver\u00e4n durch die Jahreshauptversammlung und dankte seinem Vorstandsteam, den WJ-Mitgliedern und F\u00f6rdermitgliedern, der IHK Fulda sowie dem Landesvorstand der Wirtschaftsjunioren, der mit dem Landesvorsitzenden Dr. Peter Wahl und Moritz Bartling, der im Landesvorstand Ansprechpartner fu\u00cc\u02c6r den Kreis Fulda ist. Beide warben fu\u00cc\u02c6r die Landeskonferenz der hessischen Wirtschaftsjunioren vom 2. bis 4. September in der Wetterau.<\/p>\n<p>Der 34-J\u00e4hrige lie\u00df daru\u00cc\u02c6ber hinaus die vielf\u00e4ltigen Aktivit\u00e4ten Revue passieren: Die Wirtschaftsjunioren bieten ein breites Programm &#8211; von Betriebsbesichtigungen u\u00cc\u02c6ber vielf\u00e4ltige kulturelle Angebote bis hin zu Charity-Aktionen. Einen hohen Bekanntheitsgrad haben der Ball der Wirtschaft und Projekte wie \u201eSchu\u00cc\u02c6ler als Bosse\u201c oder \u201eJugend gru\u00cc\u02c6ndet\u201c. Bestens an kam das neue Format \u201eWJ trifft\u00e2\u20ac\u00a6\u201c, das auch Interessenten eine zwanglose M\u00f6glichkeit bot, die WJ bei einer spannenden Talkrunde mit einer prominenten Pers\u00f6nlichkeit, kennenzulernen.<\/p>\n<p>\u201eWir werden im n\u00e4chsten Jahre das bew\u00e4hrte Programm weiterfu\u00cc\u02c6hren und mit \u201eNetzwerken3\u201c und dem Projekt \u201elerne, liebe, fu\u00cc\u02c6hre\u201c neue Akzente setzen\u201c, erl\u00e4uterte Christoph Jahn. Ziel von \u201eNetzwerken3\u201c ist es, mit drei Einladungen zu drei spannenden Terminen die Juniorenkreise in den drei Bundesl\u00e4ndern Hessen, Thu\u00cc\u02c6ringen und Bayern noch st\u00e4rker zu vernetzen. Beim Projekt \u201elerne, liebe, fu\u00cc\u02c6hre\u201c geht es um Fu\u00cc\u02c6hrungskompetenz, die fu\u00cc\u02c6r alle Wirtschaftsjunioren ein wichtiges Thema ist. \u201eCoachingpartner\u201c sind dabei Pferde, die direkt widerspiegeln, wie klar und eindeutig Botschaften vermittelt werden.<\/p>\n<p>\u201eDie Wirtschaftsjunioren bieten eine ideale Plattform, um sich zwanglos mit Gleichgesinnten auszutauschen, Kontakte zu knu\u00cc\u02c6pfen und den Horizont zu erweitern. Dabei h\u00e4lt unser u\u00cc\u02c6berregionales Netzwerk auch auf Landes- und<br \/>\nBundesebene eine Fu\u00cc\u02c6lle von Angeboten bereit\u201c, betonte der Kreissprecher 2016. Highlight im Veranstaltungskalender des Jahres 2016 ist der \u201eBall der Wirtschaft\u201c am 4. Juni.<br \/>\nEine gute Gelegenheit, die jungen Fu\u00cc\u02c6hrungskr\u00e4fte zwanglos kennenzulernen, gibt es am 27. Januar 2016. Dann stellt sich der neue Vorstand um 19:30 Uhr in der \u201eheimat.\u201c am Buttermarkt 2 \u2013 6 in Fulda vor. Interessenten sind herzlich einladen. Alle Infos unter www.wj-fulda.de.<\/p>\n<p>*Mitglieder, die \u00e4lter als 40 Jahre alt sind und dem Verein nach wie vor die Treue halten.<br \/>\nDie Wirtschaftsjunioren Deutschland (WJD) bilden mit rund 10.000 aktiven Mitgliedern aus allen Bereichen der Wirtschaft den gr\u00f6\u00dften deutschen Verband von Unternehmern und Fu\u00cc\u02c6hrungskr\u00e4ften unter 40 Jahren. Bei einer Wirtschaftskraft von mehr als 120 Milliarden Euro Umsatz verantworten sie rund 300.000 Arbeits- und 35.000 Ausbildungspl\u00e4tze. Seit 1958 sind die Wirtschaftsjunioren Deutschland Mitglied der mehr als 100 Nationalverb\u00e4nde umfassenden Junior Chamber International (JCI).<\/p>\n<p>Bildunterschrift<br \/>\nFoto: (v. li.) Der WJ-Vorstand 2016: Pascal We\u00df (VR Immobilien GmbH), Tobias Abel (VR Genossenschaftsbank Fulda eG), Stephan Edeling (SSI Sch\u00e4fer GmbH), Kreissprecher Christoph Jahn (HypoVereinsbank), Olga Krieger (Gute Seele &#8211; Die kreative Werbeagentur!), Johannes Keller (Richard Keller KG), Johannes Hohmann (Herm. Hohmann GmbH Baudekoration), Thorsten Vogt (Deutsche Glu\u00cc\u02c6cks-Stiftung) und Thomas<\/p>\n","protected":false},"excerpt":{"rendered":"<div class=\"tmnf_excerpt\"><p>Christoph Jahn wird im Jahr 2016 neuer Kreissprecher der Wirtschaftsjunioren (WJ) Fulda. Nach dem Motto \u201eOne year to lead\u201c wurde der Firmenkundenbetreuer bei der HypoVereinsbank am 2. Dezember auf der Jahreshauptversammlung der jungen Fu\u00cc\u02c6hrungskr\u00e4fte im Morgensternhaus in Fulda fu\u00cc\u02c6r das n\u00e4chste Jahr gew\u00e4hlt. Der 38-J\u00e4hrige l\u00f6st am 1. Januar 2016 Thorsten Vogt (Deutsche Glu\u00cc\u02c6cksstiftung) ab. &hellip;<\/p>\n<\/div>","protected":false},"author":1,"featured_media":146127,"comment_status":"closed","ping_status":"closed","sticky":false,"template":"","format":"standard","meta":{"footnotes":""},"categories":[1],"tags":[],"class_list":["post-146121","post","type-post","status-publish","format-standard","has-post-thumbnail","hentry","category-startseite"],"_links":{"self":[{"href":"https:\/\/www.fuldaernachrichten.de\/index.php?rest_route=\/wp\/v2\/posts\/146121","targetHints":{"allow":["GET"]}}],"collection":[{"href":"https:\/\/www.fuldaernachrichten.de\/index.php?rest_route=\/wp\/v2\/posts"}],"about":[{"href":"https:\/\/www.fuldaernachrichten.de\/index.php?rest_route=\/wp\/v2\/types\/post"}],"author":[{"embeddable":true,"href":"https:\/\/www.fuldaernachrichten.de\/index.php?rest_route=\/wp\/v2\/users\/1"}],"replies":[{"embeddable":true,"href":"https:\/\/www.fuldaernachrichten.de\/index.php?rest_route=%2Fwp%2Fv2%2Fcomments&post=146121"}],"version-history":[{"count":1,"href":"https:\/\/www.fuldaernachrichten.de\/index.php?rest_route=\/wp\/v2\/posts\/146121\/revisions"}],"predecessor-version":[{"id":146128,"href":"https:\/\/www.fuldaernachrichten.de\/index.php?rest_route=\/wp\/v2\/posts\/146121\/revisions\/146128"}],"wp:featuredmedia":[{"embeddable":true,"href":"https:\/\/www.fuldaernachrichten.de\/index.php?rest_route=\/wp\/v2\/media\/146127"}],"wp:attachment":[{"href":"https:\/\/www.fuldaernachrichten.de\/index.php?rest_route=%2Fwp%2Fv2%2Fmedia&parent=146121"}],"wp:term":[{"taxonomy":"category","embeddable":true,"href":"https:\/\/www.fuldaernachrichten.de\/index.php?rest_route=%2Fwp%2Fv2%2Fcategories&post=146121"},{"taxonomy":"post_tag","embeddable":true,"href":"https:\/\/www.fuldaernachrichten.de\/index.php?rest_route=%2Fwp%2Fv2%2Ftags&post=146121"}],"curies":[{"name":"wp","href":"https:\/\/api.w.org\/{rel}","templated":true}]}}