{"id":146114,"date":"2015-12-03T19:12:21","date_gmt":"2015-12-03T18:12:21","guid":{"rendered":"http:\/\/www.fuldaer-nachrichten.de\/?p=146114"},"modified":"2015-12-03T19:12:21","modified_gmt":"2015-12-03T18:12:21","slug":"jahreshauptversammlung-der-kinderhilfe-sri-lanka-neuhof-spendenbereitschaft-weiter-sehr-gross","status":"publish","type":"post","link":"https:\/\/www.fuldaernachrichten.de\/?p=146114","title":{"rendered":"Jahreshauptversammlung der Kinderhilfe Sri Lanka Neuhof:  Spendenbereitschaft weiter sehr gro\u00df"},"content":{"rendered":"<p><a href=\"http:\/\/www.fuldaer-nachrichten.de\/wp-content\/uploads\/2015\/12\/JHV-2015-Bild-1.jpg\"><img decoding=\"async\" class=\"alignleft size-thumbnail wp-image-146124\" src=\"http:\/\/www.fuldaer-nachrichten.de\/wp-content\/uploads\/2015\/12\/JHV-2015-Bild-1-265x175.jpg\" alt=\"JHV 2015 Bild 1\" width=\"265\" height=\"175\" srcset=\"https:\/\/www.fuldaernachrichten.de\/wp-content\/uploads\/2015\/12\/JHV-2015-Bild-1-265x175.jpg 265w, https:\/\/www.fuldaernachrichten.de\/wp-content\/uploads\/2015\/12\/JHV-2015-Bild-1-600x396.jpg 600w, https:\/\/www.fuldaernachrichten.de\/wp-content\/uploads\/2015\/12\/JHV-2015-Bild-1.jpg 900w\" sizes=\"(max-width: 265px) 100vw, 265px\" \/><\/a>Die Kinderhilfe Sri Lanka e.V. aus Neuhof (Kreis Fulda) hat in diesem Jahr rund 66.000 Euro an ihre Patenkinder \u00fcberwiesen. Derzeit unterst\u00fctzen 464 Pateneltern mit ihren Mitgliedsbeitr\u00e4gen rund 1.300 Jungen und M\u00e4dchen. Diese Zahlen nannte Erster Vorsitzender Joachim Teiser jetzt auf der Jahreshauptversammlung der Kinder im Sch\u00fctzenhaus in Neuhof. 110 Kinder haben im vergangenen Jahre ihre Schule oder Ausbildung abgeschlossen, die Patenschaft l\u00e4uft damit aus. &#8220;Wir haben die Pateneltern daraufhin angeschrieben, ob sie nicht weiter ein Kind finanziell unterst\u00fctzen wollen. Die allermeisten haben sich wieder f\u00fcr eine neue Patenschaft entschieden,&#8221; so Teiser.<\/p>\n<p>Erfreulicherweise sei die Spendenbereitschaft bei den Menschen sehr gro\u00df. So konnte die Kinderhilfe als gr\u00f6\u00dfte Einzelspende 5.000 Euro aus einem testamentarischen Nachlass f\u00fcr sich verbuchen. Der Verein unterh\u00e4lt sieben Kinderg\u00e4rten und eine Berufsschule in Sri Lanka. An Personalkosten brachte die Kinderhilfe allein 20.000 Euro f\u00fcr die Erzieherinnen auf. F\u00fcr Schulkleidung waren 10.000 Euro zu bezahlen. F\u00fcr 8.000 Euro richtete der Verein eine neue Berufsschule ein. Dort werden Pflanzen, Schnittblumen und Biogem\u00fcse angebaut, die verkauft werden.<\/p>\n<p>&#8220;Die Eltern der Patenkinder k\u00f6nnen so lernen, sich eine eigene Existenz aufzubauen,&#8221; sagte Ivor Vancuylenburg. Auf Nachfrage eines Mitglieds aus der Versammlung betonte der zweite Vorsitzender, dass der Verein die Menschen unabh\u00e4ngig von ihrer Volks- oder Religionszugeh\u00f6rigkeit unterst\u00fctze: es werde kein Unterschied zwischen Singhalesen, Tamilien, Buddhisten, Hindus oder Christen gemacht. Ivor Vancuylenburg zeigte Videoaufnahmen von der diesj\u00e4hrigen Patenelternreise.<\/p>\n<p>Einige H\u00e4user hat der Verein in diesem Jahr in Eigenregie renoviert. Dazu reiste im September eine 17-k\u00f6pfige Gruppe als &#8220;Handwerkertrupp&#8221; auf eigene Kosten nach Sri Lanka. Schatzmeister Paul Auth nahm selbst teil, der &#8220;Arbeitsurlaub&#8221; sei eine ganz tolle Erfahrung gewesen, berichtete Auth den Mitgliedern. Die Begegnungen mit den Menschen sei sehr eindrucksvoll gewesen, und auch die touristischen Besichtigungen kamen nicht zu kurz.\u00c2\u00a0 Da noch weitere Reparaturen anstehen, soll die Handwerkerreise in diesem Jahr vom 17. bis 30. Juli erneut angeboten werden.<\/p>\n<p>Bei der Jahreshauptversammlung wurde der Vorstand einstimmig im Amt best\u00e4tigt. Zweiter Vorsitzender ist Ivor Vanculyenburg, Gesch\u00e4ftsf\u00fchrer Paul Auth, Schriftf\u00fchrerin Beate J\u00fcrissen. Pressesprecher Michael P\u00f6rtner, Kassenpr\u00fcfer Hannelore Hasenauer und Theo G\u00e4rtner.<\/p>\n","protected":false},"excerpt":{"rendered":"<div class=\"tmnf_excerpt\"><p>Die Kinderhilfe Sri Lanka e.V. aus Neuhof (Kreis Fulda) hat in diesem Jahr rund 66.000 Euro an ihre Patenkinder \u00fcberwiesen. Derzeit unterst\u00fctzen 464 Pateneltern mit ihren Mitgliedsbeitr\u00e4gen rund 1.300 Jungen und M\u00e4dchen. Diese Zahlen nannte Erster Vorsitzender Joachim Teiser jetzt auf der Jahreshauptversammlung der Kinder im Sch\u00fctzenhaus in Neuhof. 110 Kinder haben im vergangenen Jahre &hellip;<\/p>\n<\/div>","protected":false},"author":1,"featured_media":146123,"comment_status":"closed","ping_status":"closed","sticky":false,"template":"","format":"standard","meta":{"footnotes":""},"categories":[1],"tags":[],"class_list":["post-146114","post","type-post","status-publish","format-standard","has-post-thumbnail","hentry","category-startseite"],"_links":{"self":[{"href":"https:\/\/www.fuldaernachrichten.de\/index.php?rest_route=\/wp\/v2\/posts\/146114","targetHints":{"allow":["GET"]}}],"collection":[{"href":"https:\/\/www.fuldaernachrichten.de\/index.php?rest_route=\/wp\/v2\/posts"}],"about":[{"href":"https:\/\/www.fuldaernachrichten.de\/index.php?rest_route=\/wp\/v2\/types\/post"}],"author":[{"embeddable":true,"href":"https:\/\/www.fuldaernachrichten.de\/index.php?rest_route=\/wp\/v2\/users\/1"}],"replies":[{"embeddable":true,"href":"https:\/\/www.fuldaernachrichten.de\/index.php?rest_route=%2Fwp%2Fv2%2Fcomments&post=146114"}],"version-history":[{"count":1,"href":"https:\/\/www.fuldaernachrichten.de\/index.php?rest_route=\/wp\/v2\/posts\/146114\/revisions"}],"predecessor-version":[{"id":146125,"href":"https:\/\/www.fuldaernachrichten.de\/index.php?rest_route=\/wp\/v2\/posts\/146114\/revisions\/146125"}],"wp:featuredmedia":[{"embeddable":true,"href":"https:\/\/www.fuldaernachrichten.de\/index.php?rest_route=\/wp\/v2\/media\/146123"}],"wp:attachment":[{"href":"https:\/\/www.fuldaernachrichten.de\/index.php?rest_route=%2Fwp%2Fv2%2Fmedia&parent=146114"}],"wp:term":[{"taxonomy":"category","embeddable":true,"href":"https:\/\/www.fuldaernachrichten.de\/index.php?rest_route=%2Fwp%2Fv2%2Fcategories&post=146114"},{"taxonomy":"post_tag","embeddable":true,"href":"https:\/\/www.fuldaernachrichten.de\/index.php?rest_route=%2Fwp%2Fv2%2Ftags&post=146114"}],"curies":[{"name":"wp","href":"https:\/\/api.w.org\/{rel}","templated":true}]}}