{"id":146096,"date":"2015-12-03T19:08:25","date_gmt":"2015-12-03T18:08:25","guid":{"rendered":"http:\/\/www.fuldaer-nachrichten.de\/?p=146096"},"modified":"2015-12-03T19:08:25","modified_gmt":"2015-12-03T18:08:25","slug":"schluesseluebergabe-neue-dienstwagen","status":"publish","type":"post","link":"https:\/\/www.fuldaernachrichten.de\/?p=146096","title":{"rendered":"Schl\u00fcssel\u00fcbergabe neue Dienstwagen"},"content":{"rendered":"<p>Schl\u00fcssel\u00fcbergabe im Autohaus K\u00f6hler: Neun Ford Focus und ein Ford Mondeo wechseln den Besitzer und stehen ab sofort den Besch\u00e4ftigten der Kreisverwaltung als Dienstwagen zur Verf\u00fcgung. Im Rahmen einer Ausschreibung waren zahlreiche Angebote beim Kreis eingegangen. Bei der Pr\u00fcfung und Auswertung wurde nicht nur der Preis sondern auch Merkmale wie CO\u00c2\u00b2-Aussto\u00df, Ausstattung oder Kraftstoffverbrauch ber\u00fccksichtigt. Dabei konnte das Alsfelder Autohaus K\u00f6hler einen gro\u00dfen Teil der Ausschreibung gewinnen \u2013 \u201eEs freut mich sehr, dass ein heimisches Unternehmen zum Zuge gekommen ist\u201c, so Landrat G\u00f6rig.<\/p>\n","protected":false},"excerpt":{"rendered":"<div class=\"tmnf_excerpt\"><p>Schl\u00fcssel\u00fcbergabe im Autohaus K\u00f6hler: Neun Ford Focus und ein Ford Mondeo wechseln den Besitzer und stehen ab sofort den Besch\u00e4ftigten der Kreisverwaltung als Dienstwagen zur Verf\u00fcgung. Im Rahmen einer Ausschreibung waren zahlreiche Angebote beim Kreis eingegangen. Bei der Pr\u00fcfung und Auswertung wurde nicht nur der Preis sondern auch Merkmale wie CO\u00c2\u00b2-Aussto\u00df, Ausstattung oder Kraftstoffverbrauch ber\u00fccksichtigt. &hellip;<\/p>\n<\/div>","protected":false},"author":1,"featured_media":146102,"comment_status":"closed","ping_status":"closed","sticky":false,"template":"","format":"standard","meta":{"footnotes":""},"categories":[1],"tags":[],"class_list":["post-146096","post","type-post","status-publish","format-standard","has-post-thumbnail","hentry","category-startseite"],"_links":{"self":[{"href":"https:\/\/www.fuldaernachrichten.de\/index.php?rest_route=\/wp\/v2\/posts\/146096","targetHints":{"allow":["GET"]}}],"collection":[{"href":"https:\/\/www.fuldaernachrichten.de\/index.php?rest_route=\/wp\/v2\/posts"}],"about":[{"href":"https:\/\/www.fuldaernachrichten.de\/index.php?rest_route=\/wp\/v2\/types\/post"}],"author":[{"embeddable":true,"href":"https:\/\/www.fuldaernachrichten.de\/index.php?rest_route=\/wp\/v2\/users\/1"}],"replies":[{"embeddable":true,"href":"https:\/\/www.fuldaernachrichten.de\/index.php?rest_route=%2Fwp%2Fv2%2Fcomments&post=146096"}],"version-history":[{"count":1,"href":"https:\/\/www.fuldaernachrichten.de\/index.php?rest_route=\/wp\/v2\/posts\/146096\/revisions"}],"predecessor-version":[{"id":146103,"href":"https:\/\/www.fuldaernachrichten.de\/index.php?rest_route=\/wp\/v2\/posts\/146096\/revisions\/146103"}],"wp:featuredmedia":[{"embeddable":true,"href":"https:\/\/www.fuldaernachrichten.de\/index.php?rest_route=\/wp\/v2\/media\/146102"}],"wp:attachment":[{"href":"https:\/\/www.fuldaernachrichten.de\/index.php?rest_route=%2Fwp%2Fv2%2Fmedia&parent=146096"}],"wp:term":[{"taxonomy":"category","embeddable":true,"href":"https:\/\/www.fuldaernachrichten.de\/index.php?rest_route=%2Fwp%2Fv2%2Fcategories&post=146096"},{"taxonomy":"post_tag","embeddable":true,"href":"https:\/\/www.fuldaernachrichten.de\/index.php?rest_route=%2Fwp%2Fv2%2Ftags&post=146096"}],"curies":[{"name":"wp","href":"https:\/\/api.w.org\/{rel}","templated":true}]}}