{"id":146091,"date":"2015-12-03T19:07:57","date_gmt":"2015-12-03T18:07:57","guid":{"rendered":"http:\/\/www.fuldaer-nachrichten.de\/?p=146091"},"modified":"2015-12-03T19:07:57","modified_gmt":"2015-12-03T18:07:57","slug":"tanner-segways-mit-neuem-namen","status":"publish","type":"post","link":"https:\/\/www.fuldaernachrichten.de\/?p=146091","title":{"rendered":"Tanner Segways mit neuem Namen"},"content":{"rendered":"<p><a href=\"http:\/\/www.fuldaer-nachrichten.de\/wp-content\/uploads\/2015\/12\/Hildes-e-Runner.jpg\"><img fetchpriority=\"high\" decoding=\"async\" class=\"alignleft size-thumbnail wp-image-146098\" src=\"http:\/\/www.fuldaer-nachrichten.de\/wp-content\/uploads\/2015\/12\/Hildes-e-Runner-265x432.jpg\" alt=\"Hildes e-Runner\" width=\"265\" height=\"432\" \/><\/a>Die durch Funk und Fernsehen bekannten Segway-Touren rund um das historische St\u00e4dtchen Tann in der Rh\u00f6n werden aufgrund vertraglicher \u00c4nderungen unter einem neuen Namen angeboten. Die Touren sind ab sofort unter der Bezeichnung \u201eTanner e-RUNNER\u201c zu finden.<br \/>\nIm Fr\u00fchjahr 2015 wurde der Vertrieb der Segway-Personal-Transporter in Deutschland und den damit verbundenen Gesch\u00e4ften durch die KSR-Group GmbH aus \u00d6sterreich \u00fcbernommen. Im Zuge dieser Umstrukturierung wurde die Nutzung des Markennamens SEGWAY\u00c2\u00ae, insbesondere bei Dienstleistungs- bzw. Tour- Angeboten, an stark restriktive Bedingungen gekn\u00fcpft. Da die Stadt Tann (Rh\u00f6n) als kleiner Tourenanbieter nicht in der Lage ist diese Bedingungen zu erf\u00fcllen, wird auf eine weitere Markennamennutzung in Internetpr\u00e4senzen und auf Werbematerialien verzichtet. Mit dem heutigen Tag sind die innovativen Elektroroller oder Personal-Transporter (PT) unter dem neuen Markennamen \u201eTanner e-RUNNER\u201c zu buchen. Alle Touren bleiben den G\u00e4sten in gewohntem Umfang erhalten und sind unter der \u00fcblichen Website www.tann-rhoen.de einsehbar.<br \/>\nDie Stadt Tann (Rh\u00f6n) bittet alle Leserinnen und Leser ihre Freunde und Bekannte \u00fcber die Namens\u00e4nderung zu informieren und freut sich auf viele neue e-RUNNER-Begeisterte, die die beliebten Fahrten im sch\u00f6nen Biosph\u00e4renreservat Rh\u00f6n auch unter dem neuen Namen genie\u00dfen werden.<\/p>\n","protected":false},"excerpt":{"rendered":"<div class=\"tmnf_excerpt\"><p>Die durch Funk und Fernsehen bekannten Segway-Touren rund um das historische St\u00e4dtchen Tann in der Rh\u00f6n werden aufgrund vertraglicher \u00c4nderungen unter einem neuen Namen angeboten. Die Touren sind ab sofort unter der Bezeichnung \u201eTanner e-RUNNER\u201c zu finden. Im Fr\u00fchjahr 2015 wurde der Vertrieb der Segway-Personal-Transporter in Deutschland und den damit verbundenen Gesch\u00e4ften durch die KSR-Group &hellip;<\/p>\n<\/div>","protected":false},"author":1,"featured_media":146097,"comment_status":"closed","ping_status":"closed","sticky":false,"template":"","format":"standard","meta":{"footnotes":""},"categories":[1],"tags":[],"class_list":["post-146091","post","type-post","status-publish","format-standard","has-post-thumbnail","hentry","category-startseite"],"_links":{"self":[{"href":"https:\/\/www.fuldaernachrichten.de\/index.php?rest_route=\/wp\/v2\/posts\/146091","targetHints":{"allow":["GET"]}}],"collection":[{"href":"https:\/\/www.fuldaernachrichten.de\/index.php?rest_route=\/wp\/v2\/posts"}],"about":[{"href":"https:\/\/www.fuldaernachrichten.de\/index.php?rest_route=\/wp\/v2\/types\/post"}],"author":[{"embeddable":true,"href":"https:\/\/www.fuldaernachrichten.de\/index.php?rest_route=\/wp\/v2\/users\/1"}],"replies":[{"embeddable":true,"href":"https:\/\/www.fuldaernachrichten.de\/index.php?rest_route=%2Fwp%2Fv2%2Fcomments&post=146091"}],"version-history":[{"count":1,"href":"https:\/\/www.fuldaernachrichten.de\/index.php?rest_route=\/wp\/v2\/posts\/146091\/revisions"}],"predecessor-version":[{"id":146100,"href":"https:\/\/www.fuldaernachrichten.de\/index.php?rest_route=\/wp\/v2\/posts\/146091\/revisions\/146100"}],"wp:featuredmedia":[{"embeddable":true,"href":"https:\/\/www.fuldaernachrichten.de\/index.php?rest_route=\/wp\/v2\/media\/146097"}],"wp:attachment":[{"href":"https:\/\/www.fuldaernachrichten.de\/index.php?rest_route=%2Fwp%2Fv2%2Fmedia&parent=146091"}],"wp:term":[{"taxonomy":"category","embeddable":true,"href":"https:\/\/www.fuldaernachrichten.de\/index.php?rest_route=%2Fwp%2Fv2%2Fcategories&post=146091"},{"taxonomy":"post_tag","embeddable":true,"href":"https:\/\/www.fuldaernachrichten.de\/index.php?rest_route=%2Fwp%2Fv2%2Ftags&post=146091"}],"curies":[{"name":"wp","href":"https:\/\/api.w.org\/{rel}","templated":true}]}}