{"id":146081,"date":"2015-12-03T19:04:50","date_gmt":"2015-12-03T18:04:50","guid":{"rendered":"http:\/\/www.fuldaer-nachrichten.de\/?p=146081"},"modified":"2015-12-03T19:04:50","modified_gmt":"2015-12-03T18:04:50","slug":"hochschule-fulda-und-dav-sektion-fulda-kooperieren-%e2%80%a8","status":"publish","type":"post","link":"https:\/\/www.fuldaernachrichten.de\/?p=146081","title":{"rendered":"Hochschule Fulda und DAV Sektion Fulda kooperieren \u00e2\u20ac\u00a8"},"content":{"rendered":"<p>Die DAV Sektion Fulda hat am 2. Dezember eine Kooperationsvereinbarung mit der Hochschule Fulda geschlossen. Ziel der Kooperation ist es, die Gesundheit der Hochschulmitglieder zu erhalten und zu f\u00f6rdern sowie ein allgemeines, sportliches Interesse aufzubauen. Dazu soll ein eigenes Kursprogramm f\u00fcr die Teilnehmer des Hochschulsports im Kletterzentrum Fulda entstehen.<\/p>\n<p>Gemeinsam unterzeichneten Prof. Dr. Karim Khakzar, Pr\u00e4sident der Hochschule Fulda, und Michael Rutkowski, 1. Vorsitzender der DAV Sektion Fulda, die Kooperationsvereinbarung. Dabei betonte Prof. Dr. Khakzar die vielschichtige Bedeutung des Hochschulsports, der seit mehr als 30 Jahren am Campus angeboten wird. \u201eIm Mittelpunkt steht nat\u00fcrlich die Gesundheitsf\u00f6rderung unserer Hochschulmitglieder. Aber Sport erf\u00fcllt eine weitere, sehr wichtige Aufgabe: es tr\u00e4gt dazu bei, die sozialen Kompetenzen eines Menschen auf- und auszubauen \u2013 die so genannten Soft Skills, die in der heutigen Arbeitswelt immer wichtiger werden.\u201c Dazu z\u00e4hlt er unter anderem Kooperationsf\u00e4higkeit, R\u00fccksichtnahme und Fairness.<\/p>\n<p>Diese Bedeutung unterstrich Michael Rutkowski von der DAV\u00c2\u00a0 Sektion Fulda und f\u00fcgte noch eines hinzu: Verantwortung \u00fcbernehmen. \u201eKlettern ist ein Teamsport, bei dem ich eine gro\u00dfe Verantwortung f\u00fcr meinen Kletterpartner \u00fcbernehme \u2013 egal ob in der freien Natur oder in der Halle. Diese Erfahrung pr\u00e4gt viele unserer Kletterer.\u201c Zus\u00e4tzlich w\u00fcrde der Klettersport neben einer Verbesserung der motorischen F\u00e4higkeiten auch die eigene L\u00f6sungskompetenz st\u00e4rken.<\/p>\n<p>Nach der Unterzeichnung der Kooperationsvereinbarung werden nun DAV und Hochschulsport gemeinsam ein eigenes Kursprogramm f\u00fcr Hochschulmitglieder in der Kletterhalle ausarbeiten, das im kommenden Jahr starten wird.<\/p>\n<p>Bildunterschrift:<br \/>\nDAV_Hochschulkooperation: Freuen sich auf die zuk\u00fcnftige Zusammenarbeit: Dr. Jan Ries, Prof. Dr. Karim Khakzar (beide Hochschule) sowie Michael Rutkowski und Manfred Hagemann (beide DAV Sektion Fulda)<\/p>\n","protected":false},"excerpt":{"rendered":"<div class=\"tmnf_excerpt\"><p>Die DAV Sektion Fulda hat am 2. Dezember eine Kooperationsvereinbarung mit der Hochschule Fulda geschlossen. Ziel der Kooperation ist es, die Gesundheit der Hochschulmitglieder zu erhalten und zu f\u00f6rdern sowie ein allgemeines, sportliches Interesse aufzubauen. Dazu soll ein eigenes Kursprogramm f\u00fcr die Teilnehmer des Hochschulsports im Kletterzentrum Fulda entstehen. Gemeinsam unterzeichneten Prof. Dr. Karim Khakzar, &hellip;<\/p>\n<\/div>","protected":false},"author":1,"featured_media":146086,"comment_status":"closed","ping_status":"closed","sticky":false,"template":"","format":"standard","meta":{"footnotes":""},"categories":[53,46],"tags":[],"class_list":["post-146081","post","type-post","status-publish","format-standard","has-post-thumbnail","hentry","category-bildung","category-sport"],"_links":{"self":[{"href":"https:\/\/www.fuldaernachrichten.de\/index.php?rest_route=\/wp\/v2\/posts\/146081","targetHints":{"allow":["GET"]}}],"collection":[{"href":"https:\/\/www.fuldaernachrichten.de\/index.php?rest_route=\/wp\/v2\/posts"}],"about":[{"href":"https:\/\/www.fuldaernachrichten.de\/index.php?rest_route=\/wp\/v2\/types\/post"}],"author":[{"embeddable":true,"href":"https:\/\/www.fuldaernachrichten.de\/index.php?rest_route=\/wp\/v2\/users\/1"}],"replies":[{"embeddable":true,"href":"https:\/\/www.fuldaernachrichten.de\/index.php?rest_route=%2Fwp%2Fv2%2Fcomments&post=146081"}],"version-history":[{"count":1,"href":"https:\/\/www.fuldaernachrichten.de\/index.php?rest_route=\/wp\/v2\/posts\/146081\/revisions"}],"predecessor-version":[{"id":146087,"href":"https:\/\/www.fuldaernachrichten.de\/index.php?rest_route=\/wp\/v2\/posts\/146081\/revisions\/146087"}],"wp:featuredmedia":[{"embeddable":true,"href":"https:\/\/www.fuldaernachrichten.de\/index.php?rest_route=\/wp\/v2\/media\/146086"}],"wp:attachment":[{"href":"https:\/\/www.fuldaernachrichten.de\/index.php?rest_route=%2Fwp%2Fv2%2Fmedia&parent=146081"}],"wp:term":[{"taxonomy":"category","embeddable":true,"href":"https:\/\/www.fuldaernachrichten.de\/index.php?rest_route=%2Fwp%2Fv2%2Fcategories&post=146081"},{"taxonomy":"post_tag","embeddable":true,"href":"https:\/\/www.fuldaernachrichten.de\/index.php?rest_route=%2Fwp%2Fv2%2Ftags&post=146081"}],"curies":[{"name":"wp","href":"https:\/\/api.w.org\/{rel}","templated":true}]}}