{"id":145864,"date":"2015-11-28T04:19:19","date_gmt":"2015-11-28T03:19:19","guid":{"rendered":"http:\/\/www.fuldaer-nachrichten.de\/?p=145864"},"modified":"2015-11-27T22:20:07","modified_gmt":"2015-11-27T21:20:07","slug":"koreanische-delegation-an-der-eduard-stieler-schule","status":"publish","type":"post","link":"https:\/\/www.fuldaernachrichten.de\/?p=145864","title":{"rendered":"Koreanische Delegation an der Eduard-Stieler-Schule"},"content":{"rendered":"<p>Am 17.11. hatten Schulleiter Dr. Rudolf Drexler und die zust\u00e4ndige Abteilungsleiterin Margit Goldstein Gelegenheit, eine koreanische Delegation im Hause begr\u00fc\u00dfen zu k\u00f6nnen. Neben den 25 G\u00e4sten aus Seoul begleiteten zwei Dolmetscher die Gruppe. Dr. DongKyu Kang, gleichzeitig verantwortlicher Lehrer hatte bereits am 10. Februar bei einem Besuch der Eduard-Stieler-Schule einen sehr guten Eindruck mit nach Korea nehmen k\u00f6nnen, so dass er nun die Schulexkursion des koreanischen Landwirtschaftsministeriums nach Fulda f\u00fchren konnte.<\/p>\n<p>Nach einer Begr\u00fc\u00dfung zum Thema \u201eDuale Ausbildung in Deutschland\u201c\u00c2\u00a0 durch Schulleiter Dr. Rudolf Drexler gingen die jeweiligen Gruppen in die praktische Arbeit. Dabei wurden im B\u00e4ckerei-Bereich der Schule gemeinsam mit einem Teil der G\u00e4ste und den B\u00e4ckerei-Auszubildenden Br\u00f6tchen und Flechtgeb\u00e4cke hergestellt, wohingegen die k\u00fcnftigen Fleischer mit einer zweiten Gruppe im Fleischerei-Bereich die Zerlegung einer Schweineh\u00e4lfte vornahmen sowie Bratwurst produzierten.<\/p>\n<p>Im Anschluss fuhren die deutschen und koreanischen Sch\u00fcler mit ihren Lehrern zur B\u00e4ckerei Happ nach Neuhof, wo die beiden Gesch\u00e4ftsf\u00fchrer Michael Happ und Christoph Happ durch die Produktion f\u00fchrten. Nach einem Workshop zur Herstellung von Marzipanfiguren, konnte man sich bei einem reichhaltigen Imbiss im Caf\u00e9 abschlie\u00dfend noch fachlich austauschen.<\/p>\n<p>W\u00e4hrend des Aufenthaltes in Fulda wurden die Gruppen von Oberstudienr\u00e4tin Birgit K\u00f6rber sowie von der Fleischermeisterin und Fachlehrerin Corina Steiger betreut und begleitet.<\/p>\n","protected":false},"excerpt":{"rendered":"<div class=\"tmnf_excerpt\"><p>Am 17.11. hatten Schulleiter Dr. Rudolf Drexler und die zust\u00e4ndige Abteilungsleiterin Margit Goldstein Gelegenheit, eine koreanische Delegation im Hause begr\u00fc\u00dfen zu k\u00f6nnen. Neben den 25 G\u00e4sten aus Seoul begleiteten zwei Dolmetscher die Gruppe. Dr. DongKyu Kang, gleichzeitig verantwortlicher Lehrer hatte bereits am 10. Februar bei einem Besuch der Eduard-Stieler-Schule einen sehr guten Eindruck mit nach &hellip;<\/p>\n<\/div>","protected":false},"author":1,"featured_media":145865,"comment_status":"closed","ping_status":"closed","sticky":false,"template":"","format":"standard","meta":{"footnotes":""},"categories":[1,53],"tags":[],"class_list":["post-145864","post","type-post","status-publish","format-standard","has-post-thumbnail","hentry","category-startseite","category-bildung"],"_links":{"self":[{"href":"https:\/\/www.fuldaernachrichten.de\/index.php?rest_route=\/wp\/v2\/posts\/145864","targetHints":{"allow":["GET"]}}],"collection":[{"href":"https:\/\/www.fuldaernachrichten.de\/index.php?rest_route=\/wp\/v2\/posts"}],"about":[{"href":"https:\/\/www.fuldaernachrichten.de\/index.php?rest_route=\/wp\/v2\/types\/post"}],"author":[{"embeddable":true,"href":"https:\/\/www.fuldaernachrichten.de\/index.php?rest_route=\/wp\/v2\/users\/1"}],"replies":[{"embeddable":true,"href":"https:\/\/www.fuldaernachrichten.de\/index.php?rest_route=%2Fwp%2Fv2%2Fcomments&post=145864"}],"version-history":[{"count":1,"href":"https:\/\/www.fuldaernachrichten.de\/index.php?rest_route=\/wp\/v2\/posts\/145864\/revisions"}],"predecessor-version":[{"id":145866,"href":"https:\/\/www.fuldaernachrichten.de\/index.php?rest_route=\/wp\/v2\/posts\/145864\/revisions\/145866"}],"wp:featuredmedia":[{"embeddable":true,"href":"https:\/\/www.fuldaernachrichten.de\/index.php?rest_route=\/wp\/v2\/media\/145865"}],"wp:attachment":[{"href":"https:\/\/www.fuldaernachrichten.de\/index.php?rest_route=%2Fwp%2Fv2%2Fmedia&parent=145864"}],"wp:term":[{"taxonomy":"category","embeddable":true,"href":"https:\/\/www.fuldaernachrichten.de\/index.php?rest_route=%2Fwp%2Fv2%2Fcategories&post=145864"},{"taxonomy":"post_tag","embeddable":true,"href":"https:\/\/www.fuldaernachrichten.de\/index.php?rest_route=%2Fwp%2Fv2%2Ftags&post=145864"}],"curies":[{"name":"wp","href":"https:\/\/api.w.org\/{rel}","templated":true}]}}