{"id":145807,"date":"2015-11-27T10:16:17","date_gmt":"2015-11-27T09:16:17","guid":{"rendered":"http:\/\/www.fuldaer-nachrichten.de\/?p=145807"},"modified":"2015-11-27T10:16:17","modified_gmt":"2015-11-27T09:16:17","slug":"neue-leitlinien-fuer-katholische-kindertageseinrichtungen-im-bistum-fulda-auf-den-weg-gebracht","status":"publish","type":"post","link":"https:\/\/www.fuldaernachrichten.de\/?p=145807","title":{"rendered":"Neue Leitlinien f\u00fcr katholische Kindertageseinrichtungen im Bistum Fulda auf den Weg gebracht"},"content":{"rendered":"<p>Die 110 katholischen Kindertageseinrichtungen im Bistum Fulda haben eine besondere Bedeutung im pastoralen Wirken der Kirche. Sie stellen mehr und mehr wichtige Orte christlichen Wirkens dar. Aus diesem Grund wurden seit mehr als einem Jahr von einer Fachgruppe des Bistums und der Caritas unter dem Motto \u201eHier beginnt die Zukunft\u00e2\u20ac\u00a6 \u2013 die katholische Kindereinrichtung ist ein pastoraler Ort\u201c neue Leitlinien erarbeitet, die jetzt im Beisein von Generalvikar Prof. Dr. Gerhard Stanke , Seelsorgeamtsleiter Ordinariatsrat Pfarrer Peter G\u00f6b sowie Di\u00f6zesan-Caritasdirektor Dr. Markus Juch im Giso von Steinau-Haus in Petersberg-Steinau der \u00d6ffentlichkeit vorgestellt wurden.<\/p>\n<p>Sehr interessiert und von der Notwendigkeit der Umsetzung dieser Leitlinien \u00fcberzeugt zeigten sich die mehr als 100 Tr\u00e4ger-Vertreter \u2013 u. a. Pfarrer, pastorale Mitarbeiter, Kuratoren \u00c2\u00ad\u2013 sowie die Leiterinnen, Mitarbeiter und Elternvertreter von den einzelnen Kindertagesst\u00e4tten. Als Themen behandeln die Leitlinien zum Beispiel die Qualit\u00e4tssicherung, die Qualifizierung von Mitarbeitern in den Einrichtungen sowie Ans\u00e4tze zur Realisierung des gelebten Glaubens auf der Grundlage des christlichen Menschenbildes. Ziel der Leitlinien ist es, die katholischen Kindertageseinrichtungen auch f\u00fcr die Zukunft dabei zu unterst\u00fctzen, ihren pastoral-diakonischen Dienst in der Kirche wahrnehmen zu k\u00f6nnen. Moderiert wurde die Pr\u00e4sentation in Steinau von Gabriele J\u00f6rges, Fachberaterin der Caritas im Referat Kindertagesst\u00e4tten. Elvira Diel, Leiterin der Caritas-Fachberatung, zeigte sich sehr erfreut \u00fcber die positive Resonanz zu den neuen Leitlinien, die nun in den Kindertagesst\u00e4tten umgesetzt und mit Leben gef\u00fcllt werden sollen.<\/p>\n","protected":false},"excerpt":{"rendered":"<div class=\"tmnf_excerpt\"><p>Die 110 katholischen Kindertageseinrichtungen im Bistum Fulda haben eine besondere Bedeutung im pastoralen Wirken der Kirche. Sie stellen mehr und mehr wichtige Orte christlichen Wirkens dar. Aus diesem Grund wurden seit mehr als einem Jahr von einer Fachgruppe des Bistums und der Caritas unter dem Motto \u201eHier beginnt die Zukunft\u00e2\u20ac\u00a6 \u2013 die katholische Kindereinrichtung ist &hellip;<\/p>\n<\/div>","protected":false},"author":1,"featured_media":145811,"comment_status":"closed","ping_status":"closed","sticky":false,"template":"","format":"standard","meta":{"footnotes":""},"categories":[1],"tags":[],"class_list":["post-145807","post","type-post","status-publish","format-standard","has-post-thumbnail","hentry","category-startseite"],"_links":{"self":[{"href":"https:\/\/www.fuldaernachrichten.de\/index.php?rest_route=\/wp\/v2\/posts\/145807","targetHints":{"allow":["GET"]}}],"collection":[{"href":"https:\/\/www.fuldaernachrichten.de\/index.php?rest_route=\/wp\/v2\/posts"}],"about":[{"href":"https:\/\/www.fuldaernachrichten.de\/index.php?rest_route=\/wp\/v2\/types\/post"}],"author":[{"embeddable":true,"href":"https:\/\/www.fuldaernachrichten.de\/index.php?rest_route=\/wp\/v2\/users\/1"}],"replies":[{"embeddable":true,"href":"https:\/\/www.fuldaernachrichten.de\/index.php?rest_route=%2Fwp%2Fv2%2Fcomments&post=145807"}],"version-history":[{"count":1,"href":"https:\/\/www.fuldaernachrichten.de\/index.php?rest_route=\/wp\/v2\/posts\/145807\/revisions"}],"predecessor-version":[{"id":145812,"href":"https:\/\/www.fuldaernachrichten.de\/index.php?rest_route=\/wp\/v2\/posts\/145807\/revisions\/145812"}],"wp:featuredmedia":[{"embeddable":true,"href":"https:\/\/www.fuldaernachrichten.de\/index.php?rest_route=\/wp\/v2\/media\/145811"}],"wp:attachment":[{"href":"https:\/\/www.fuldaernachrichten.de\/index.php?rest_route=%2Fwp%2Fv2%2Fmedia&parent=145807"}],"wp:term":[{"taxonomy":"category","embeddable":true,"href":"https:\/\/www.fuldaernachrichten.de\/index.php?rest_route=%2Fwp%2Fv2%2Fcategories&post=145807"},{"taxonomy":"post_tag","embeddable":true,"href":"https:\/\/www.fuldaernachrichten.de\/index.php?rest_route=%2Fwp%2Fv2%2Ftags&post=145807"}],"curies":[{"name":"wp","href":"https:\/\/api.w.org\/{rel}","templated":true}]}}