{"id":145779,"date":"2015-11-27T10:10:06","date_gmt":"2015-11-27T09:10:06","guid":{"rendered":"http:\/\/www.fuldaer-nachrichten.de\/?p=145779"},"modified":"2015-11-27T10:10:06","modified_gmt":"2015-11-27T09:10:06","slug":"zielinski-eine-deutliche-verbesserung-in-sicht-fuer-die-vereinbarkeit-von-familie-und-beruf","status":"publish","type":"post","link":"https:\/\/www.fuldaernachrichten.de\/?p=145779","title":{"rendered":"Zielinski: \u201eEine deutliche Verbesserung in Sicht f\u00fcr die Vereinbarkeit von Familie und Beruf\u201c"},"content":{"rendered":"<p>Nachdem die grunds\u00e4tzliche Bewerbung des Vogelsbergkreises zur Teilnahme am \u201ePakt f\u00fcr den Nachmittag\u201c seitens des Hessischen Kultusministeriums angenommen wurde, muss der Kreis bis zum 1. Dezember die konkreten Schulstandorte nennen, f\u00fcr die Paktvereinbarungen zwischen Schule, Kreis, Kommune und Land getroffen werden sollen.<\/p>\n<p>Erster Kreisbeigeordneter und Schuldezernent Peter Zielinski meldet nun vier Grundschulen zur Teilnahme an das Kultusministerium. Dies sind die Eichbergschule Lauterbach,\u00c2\u00a0 die Grundschule Homberg\/Ohm, die Dieffenbach-Schule Schlitz und die Stadtschule in Alsfeld. Das Land beabsichtigt im Jahr 2016 insgesamt\u00c2\u00a0 230 Stellen f\u00fcr den Ganztagesbereich zur Verf\u00fcgung zu stellen. Davon gehen rund 190 Lehrerstellen in die Paktvereinbarungen ein. Diese Stellen werden auf die Vorhaben der nun insgesamt 19 am Pakt f\u00fcr den Nachmittag beteiligten Schultr\u00e4ger verteilt. Sollten seitens der Schultr\u00e4ger mehr Vorhaben angemeldet werden, als Ressourcen vorhanden sind, so w\u00fcrde seitens des Kultusministeriums eine gesonderte Entscheidung \u00fcber die Zuweisung getroffen werden. Die Entscheidung, welche Schulen der vier gemeldeten Grundschulen die M\u00f6glichkeit zum Abschluss einer Paktvereinbarung erhalten, wird im Kultusministerium Mitte Dezember fallen.<\/p>\n<p>Verl\u00e4ssliche Schulzeiten von 7.30 bis 17.00 Uhr<\/p>\n<p>Mit den Pakten f\u00fcr den Nachmittag soll es m\u00f6glich werden, verl\u00e4ssliche Betreuungszeiten an Schultagen von 7:30 Uhr bis 17:00 Uhr und in den Schulferien anbieten zu k\u00f6nnen. Die Schulen erhalten je 100 Sch\u00fcler eine Lehrerstelle. Die Gesamtzahl die sich daraus ergibt ist zu mindestens einem Drittel tats\u00e4chlich in Lehrerstellen zu nehmen. Die restlichen 2\/3 k\u00f6nnen in Geld angefordert und an Dritte weitergegeben werden. Der Schultr\u00e4ger ist f\u00fcr die s\u00e4chlichen und r\u00e4umlichen Rahmenbedingungen verantwortlich.<\/p>\n<p>Mit den zur Verf\u00fcgung gestellten Geldmitteln wird es m\u00f6glich, \u00fcber die Paktvereinbarungen, weitere Partner zur Betreuung hinzuzunehmen. Dies kann zum Beispiel im Falle der Eichbergschule Lauterbach die Stadt Lauterbach mit ihrem bisherigen Hort-Angebot sein. In Homberg ist im Bereich der Nachmittagsbetreuung bereits der Internationale Bund (IB) im Auftrag der Stadt als Tr\u00e4ger t\u00e4tig. In Schlitz k\u00f6nnten ebenfalls vorhandene Horteinrichtungen Kooperationspartner sein. Im Falle der Stadtschule Alsfeld gibt es den Verein Regenbogen, dessen Aktivt\u00e4ten hier unterst\u00fctzt und ausgebaut werden k\u00f6nnten.<\/p>\n<p>Zwischen den Schulen und allen anderen Beteiligten m\u00fcssen p\u00e4dagogische Konzepte erarbeitet und abgestimmt werden. Zur Finanzierung der Angebote k\u00f6nnen zus\u00e4tzlich Elternbeitr\u00e4ge erhoben werden. Die Schulen m\u00fcssen, wenn sie vom Pakt f\u00fcr den Nachmittag profitieren wollen, bis zum 1. Februar 2016 einen entsprechenden Beschluss in ihren Gremien gefasst haben. Abschlie\u00dfend teilt der Schuldezernent mit, dass er sehr erfreut dar\u00fcber sei, auf welch gro\u00dfe Resonanz der Pakt f\u00fcr den Nachmittag bei den Vogelsberger Schulen und Kommunen treffe. Zuk\u00fcnftig werde der Kreis j\u00e4hrlich weitere Schulen f\u00fcr den Pakt f\u00fcr den Nachmittag anmelden.<\/p>\n","protected":false},"excerpt":{"rendered":"<div class=\"tmnf_excerpt\"><p>Nachdem die grunds\u00e4tzliche Bewerbung des Vogelsbergkreises zur Teilnahme am \u201ePakt f\u00fcr den Nachmittag\u201c seitens des Hessischen Kultusministeriums angenommen wurde, muss der Kreis bis zum 1. Dezember die konkreten Schulstandorte nennen, f\u00fcr die Paktvereinbarungen zwischen Schule, Kreis, Kommune und Land getroffen werden sollen. Erster Kreisbeigeordneter und Schuldezernent Peter Zielinski meldet nun vier Grundschulen zur Teilnahme an &hellip;<\/p>\n<\/div>","protected":false},"author":1,"featured_media":0,"comment_status":"closed","ping_status":"closed","sticky":false,"template":"","format":"standard","meta":{"footnotes":""},"categories":[1],"tags":[],"class_list":["post-145779","post","type-post","status-publish","format-standard","hentry","category-startseite"],"_links":{"self":[{"href":"https:\/\/www.fuldaernachrichten.de\/index.php?rest_route=\/wp\/v2\/posts\/145779","targetHints":{"allow":["GET"]}}],"collection":[{"href":"https:\/\/www.fuldaernachrichten.de\/index.php?rest_route=\/wp\/v2\/posts"}],"about":[{"href":"https:\/\/www.fuldaernachrichten.de\/index.php?rest_route=\/wp\/v2\/types\/post"}],"author":[{"embeddable":true,"href":"https:\/\/www.fuldaernachrichten.de\/index.php?rest_route=\/wp\/v2\/users\/1"}],"replies":[{"embeddable":true,"href":"https:\/\/www.fuldaernachrichten.de\/index.php?rest_route=%2Fwp%2Fv2%2Fcomments&post=145779"}],"version-history":[{"count":1,"href":"https:\/\/www.fuldaernachrichten.de\/index.php?rest_route=\/wp\/v2\/posts\/145779\/revisions"}],"predecessor-version":[{"id":145785,"href":"https:\/\/www.fuldaernachrichten.de\/index.php?rest_route=\/wp\/v2\/posts\/145779\/revisions\/145785"}],"wp:attachment":[{"href":"https:\/\/www.fuldaernachrichten.de\/index.php?rest_route=%2Fwp%2Fv2%2Fmedia&parent=145779"}],"wp:term":[{"taxonomy":"category","embeddable":true,"href":"https:\/\/www.fuldaernachrichten.de\/index.php?rest_route=%2Fwp%2Fv2%2Fcategories&post=145779"},{"taxonomy":"post_tag","embeddable":true,"href":"https:\/\/www.fuldaernachrichten.de\/index.php?rest_route=%2Fwp%2Fv2%2Ftags&post=145779"}],"curies":[{"name":"wp","href":"https:\/\/api.w.org\/{rel}","templated":true}]}}