{"id":145715,"date":"2015-11-25T10:55:15","date_gmt":"2015-11-25T09:55:15","guid":{"rendered":"http:\/\/www.fuldaer-nachrichten.de\/?p=145715"},"modified":"2015-11-25T10:55:15","modified_gmt":"2015-11-25T09:55:15","slug":"bildungsunternehmen-jordan-laedt-zu-tag-der-offenen-tuer","status":"publish","type":"post","link":"https:\/\/www.fuldaernachrichten.de\/?p=145715","title":{"rendered":"Bildungsunternehmen Jordan l\u00e4dt zu \u201eTag der offenen T\u00fcr\u201c"},"content":{"rendered":"<p>Zu einem \u201eTag der offenen T\u00fcr\u201c l\u00e4dt das Team des Bildungsunternehmens Dr. Jordan am Mittwoch, 2. Dezember, in der Zeit von 17.00 bis 19.00 Uhr, Rabanusstrasse 40 \u2013 42 in Fulda ein. W\u00e4hrend sich bereits am Vormittag Schulklassen aus der Region \u00fcber das breitgef\u00e4cherte Angebot informieren k\u00f6nnen, ist am Nachmittag die \u00d6ffentlichkeit eingeladen. Vorgestellt werden die Fachoberschule, das Wirtschaftsgymnasium und die Berufsfachschule. Im Blickpunkt stehen ebenfalls die Assistenten-Ausbildungen, die Berufsakademie und das Studium der Betriebswirtschaft. Neben der Vorstellung der Schulformen mit pers\u00f6nlicher Beratung k\u00f6nnen die Besucher vielf\u00e4ltige Projekte der Schule kennenlernen: So werden die Themen Umwelt und Nachhaltigkeit, Gesundheit oder Rollenspiel-Sequenzen dargestellt. Aufschlussreich sind ohne Frage auch die Interviews mit Sch\u00fclern, die aus ihrem Schulalltag berichten. Abschluss bildet ein Vortrag zum Thema \u201eModerne Schule\u201c.<\/p>\n<p>www.bildungsunternehmen-jordan.de<\/p>\n","protected":false},"excerpt":{"rendered":"<div class=\"tmnf_excerpt\"><p>Zu einem \u201eTag der offenen T\u00fcr\u201c l\u00e4dt das Team des Bildungsunternehmens Dr. Jordan am Mittwoch, 2. Dezember, in der Zeit von 17.00 bis 19.00 Uhr, Rabanusstrasse 40 \u2013 42 in Fulda ein. W\u00e4hrend sich bereits am Vormittag Schulklassen aus der Region \u00fcber das breitgef\u00e4cherte Angebot informieren k\u00f6nnen, ist am Nachmittag die \u00d6ffentlichkeit eingeladen. Vorgestellt werden &hellip;<\/p>\n<\/div>","protected":false},"author":1,"featured_media":0,"comment_status":"closed","ping_status":"closed","sticky":false,"template":"","format":"standard","meta":{"footnotes":""},"categories":[53],"tags":[],"class_list":["post-145715","post","type-post","status-publish","format-standard","hentry","category-bildung"],"_links":{"self":[{"href":"https:\/\/www.fuldaernachrichten.de\/index.php?rest_route=\/wp\/v2\/posts\/145715","targetHints":{"allow":["GET"]}}],"collection":[{"href":"https:\/\/www.fuldaernachrichten.de\/index.php?rest_route=\/wp\/v2\/posts"}],"about":[{"href":"https:\/\/www.fuldaernachrichten.de\/index.php?rest_route=\/wp\/v2\/types\/post"}],"author":[{"embeddable":true,"href":"https:\/\/www.fuldaernachrichten.de\/index.php?rest_route=\/wp\/v2\/users\/1"}],"replies":[{"embeddable":true,"href":"https:\/\/www.fuldaernachrichten.de\/index.php?rest_route=%2Fwp%2Fv2%2Fcomments&post=145715"}],"version-history":[{"count":1,"href":"https:\/\/www.fuldaernachrichten.de\/index.php?rest_route=\/wp\/v2\/posts\/145715\/revisions"}],"predecessor-version":[{"id":145719,"href":"https:\/\/www.fuldaernachrichten.de\/index.php?rest_route=\/wp\/v2\/posts\/145715\/revisions\/145719"}],"wp:attachment":[{"href":"https:\/\/www.fuldaernachrichten.de\/index.php?rest_route=%2Fwp%2Fv2%2Fmedia&parent=145715"}],"wp:term":[{"taxonomy":"category","embeddable":true,"href":"https:\/\/www.fuldaernachrichten.de\/index.php?rest_route=%2Fwp%2Fv2%2Fcategories&post=145715"},{"taxonomy":"post_tag","embeddable":true,"href":"https:\/\/www.fuldaernachrichten.de\/index.php?rest_route=%2Fwp%2Fv2%2Ftags&post=145715"}],"curies":[{"name":"wp","href":"https:\/\/api.w.org\/{rel}","templated":true}]}}