{"id":145699,"date":"2015-11-25T10:54:58","date_gmt":"2015-11-25T09:54:58","guid":{"rendered":"http:\/\/www.fuldaer-nachrichten.de\/?p=145699"},"modified":"2015-11-25T10:54:58","modified_gmt":"2015-11-25T09:54:58","slug":"koordinatorin-michaela-stefan-stellt-wir-programm-vor","status":"publish","type":"post","link":"https:\/\/www.fuldaernachrichten.de\/?p=145699","title":{"rendered":"Koordinatorin Michaela Stefan stellt WIR-Programm vor"},"content":{"rendered":"<p>Beim Netzwerktreffen der Kinder- und Jugendarbeit in Lauterbach trafen sich Aktive aus der Stadtverwaltung, der Beratungsstelle B:24, dem Evangelischen Dekanat und der Stadtmission, von DRK und Caritas sowie der Suchthilfe und der Musikschule in der Lauterbacher Musikkulturschule. Sie tauschten sich \u00fcber ihre Arbeit und Aktionen aus und beschlossen ihr Netzwerk um das Thema Migration und die entsprechenden Adressaten zu erweitern. Im Rahmen des Treffens stellte sich Michaela Stefan als WIR-Koordinatorin f\u00fcr den Vogelsbergkreis vor. Sie gab einen \u00dcberblick zum WIR-Programm des Hessischen Ministeriums f\u00fcr Soziales und Integration, dessen Angebote und F\u00f6rderm\u00f6glichkeiten.<\/p>\n<p>Aus dem Landesprogramm k\u00f6nnen Modellprojekte zum Auf- und Ausbau einer Willkommens- und Anerkennungskultur und zur Interkulturellen \u00d6ffnung der kommunalen Regelinstitutionen und -angebote wie auch Vereine und Verb\u00e4nde gef\u00f6rdert werden;\u00c2\u00a0 au\u00dferdem Integrationsprojekte zur nachhaltigen Verbesserung der Integrationschancen,<br \/>\nBasisqualifikationen und Vertiefungsseminare f\u00fcr ehrenamtliche Integrationslotsinnen und<br \/>\n-lotsen sowie Projekte zum Ausbau des b\u00fcrgerschaftlichen Engagements \u2013 insbesondere von Migrantinnen und Migranten \u2013 wie auch niederschwellige Deutschkurse.<\/p>\n<p>\u201eF\u00f6rdermittel f\u00fcr solche Projekte k\u00f6nnen auch von kommunalen, kirchlichen oder gemeinn\u00fctzigen Tr\u00e4gern wie auch von gemeinn\u00fctzigen Migrantenorganisationen beantragt werden\u201c, erl\u00e4uterte WIR-Koordinatorin Michaela Stefan. Dazu bed\u00fcrfe es einer Projektbeschreibung und der Sicherstellung der Gesamtfinanzierung, da vom Land nur maximal die H\u00e4lfte der Kosten \u00fcbernommen w\u00fcrde. \u201eFalls Sie Gelder f\u00fcr ein Vorhaben beantragen m\u00f6chten, d\u00fcrfen Sie mich gerne dazu fragen und einbeziehen\u201c, bot die Koordinatorin an.<\/p>\n<p>F\u00fcr die Kreisverwaltung gibt es schon erste Ideen und Ma\u00dfnahmen: Es sollen ein Dolmetscherpool aufgebaut und mehrsprachige Flyer und Wegweiser entwickelt werden sowie Schulungen im Bereich Interkultureller Kompetenz stattfinden. Auch f\u00fcr die Mitarbeit im Handlungsfeld Migration und Integration des Vogelsberger Familienb\u00fcndnisses warb Michaela Stefan und lud zur Teilnahme ein.<\/p>\n<p>Kontakt: Michaela Stefan, 06641 977-3411, wir@vogelsbergkreis.de.<\/p>\n","protected":false},"excerpt":{"rendered":"<div class=\"tmnf_excerpt\"><p>Beim Netzwerktreffen der Kinder- und Jugendarbeit in Lauterbach trafen sich Aktive aus der Stadtverwaltung, der Beratungsstelle B:24, dem Evangelischen Dekanat und der Stadtmission, von DRK und Caritas sowie der Suchthilfe und der Musikschule in der Lauterbacher Musikkulturschule. Sie tauschten sich \u00fcber ihre Arbeit und Aktionen aus und beschlossen ihr Netzwerk um das Thema Migration und &hellip;<\/p>\n<\/div>","protected":false},"author":1,"featured_media":145716,"comment_status":"closed","ping_status":"closed","sticky":false,"template":"","format":"standard","meta":{"footnotes":""},"categories":[1],"tags":[],"class_list":["post-145699","post","type-post","status-publish","format-standard","has-post-thumbnail","hentry","category-startseite"],"_links":{"self":[{"href":"https:\/\/www.fuldaernachrichten.de\/index.php?rest_route=\/wp\/v2\/posts\/145699","targetHints":{"allow":["GET"]}}],"collection":[{"href":"https:\/\/www.fuldaernachrichten.de\/index.php?rest_route=\/wp\/v2\/posts"}],"about":[{"href":"https:\/\/www.fuldaernachrichten.de\/index.php?rest_route=\/wp\/v2\/types\/post"}],"author":[{"embeddable":true,"href":"https:\/\/www.fuldaernachrichten.de\/index.php?rest_route=\/wp\/v2\/users\/1"}],"replies":[{"embeddable":true,"href":"https:\/\/www.fuldaernachrichten.de\/index.php?rest_route=%2Fwp%2Fv2%2Fcomments&post=145699"}],"version-history":[{"count":1,"href":"https:\/\/www.fuldaernachrichten.de\/index.php?rest_route=\/wp\/v2\/posts\/145699\/revisions"}],"predecessor-version":[{"id":145717,"href":"https:\/\/www.fuldaernachrichten.de\/index.php?rest_route=\/wp\/v2\/posts\/145699\/revisions\/145717"}],"wp:featuredmedia":[{"embeddable":true,"href":"https:\/\/www.fuldaernachrichten.de\/index.php?rest_route=\/wp\/v2\/media\/145716"}],"wp:attachment":[{"href":"https:\/\/www.fuldaernachrichten.de\/index.php?rest_route=%2Fwp%2Fv2%2Fmedia&parent=145699"}],"wp:term":[{"taxonomy":"category","embeddable":true,"href":"https:\/\/www.fuldaernachrichten.de\/index.php?rest_route=%2Fwp%2Fv2%2Fcategories&post=145699"},{"taxonomy":"post_tag","embeddable":true,"href":"https:\/\/www.fuldaernachrichten.de\/index.php?rest_route=%2Fwp%2Fv2%2Ftags&post=145699"}],"curies":[{"name":"wp","href":"https:\/\/api.w.org\/{rel}","templated":true}]}}