{"id":145684,"date":"2015-11-25T10:48:27","date_gmt":"2015-11-25T09:48:27","guid":{"rendered":"http:\/\/www.fuldaer-nachrichten.de\/?p=145684"},"modified":"2015-11-25T10:48:27","modified_gmt":"2015-11-25T09:48:27","slug":"stand-der-caritas-werkstaetten-wieder-auf-fuldaer-weihnachtsmarkt","status":"publish","type":"post","link":"https:\/\/www.fuldaernachrichten.de\/?p=145684","title":{"rendered":"Stand der Caritas-Werkst\u00e4tten wieder auf Fuldaer Weihnachtsmarkt"},"content":{"rendered":"<p>Inklusives Ehrenamts-Projekt: Menschen mit Behinderung, ihre Angeh\u00f6rigen, Caritas-Hauptamtliche aus allen T\u00e4tigkeitsfeldern, Freunde der Caritas und VIPs als Verk\u00e4ufer<\/p>\n<p>Fulda (cif). Beim bevorstehenden Weihnachtsmarkt 2015 in Fulda rund um den Universit\u00e4tsplatz vom 27. November bis 23. Dezember haben nat\u00fcrlich auch wieder die Caritas-Werkst\u00e4tten ihren Stand zentral auf dem Platz aufgestellt und sind damit zum zw\u00f6lften Mal mit dabei.<\/p>\n<p>Erneut\u00c2\u00a0 k\u00fcmmert sich ein Team ausschlie\u00dflich aus Ehrenamtlichen an allen Markttagen zu den kompletten \u00d6ffnungszeiten um den Verkauf. Rund 90 Menschen geh\u00f6ren zu diesem inklusiven Helfer-Netzwerk: Federf\u00fchrend ist die Elterninitiative der Werkst\u00e4ttenmitarbeiter, mit dabei als engagierte Verk\u00e4ufer sind Eltern, Geschwister und die Menschen mit Behinderung selbst, dazu hauptamtliche Caritas-Mitarbeiter sowie Freunde und Ehrenamtliche der Caritas. Als Angebote am Stand findet man verschiedene holzgefertigte Artikel der Werkst\u00e4tten wie Vogelh\u00e4user, Nistk\u00e4sten und Krippen. Sehr beliebt sind auch die erh\u00e4ltlichen handgefertigten Wollstrickwaren wie Schals, M\u00fctzen und vor allem Socken von ganz klein bis sehr gro\u00df. Kunstpostkarten, Bienenwachskerzen und Honig aus der Werkstattimkerei sowie weitere kleine Genussartikel und Accessoires runden das Angebot ab. Auch die Caritas-Kalender 2016 werden nat\u00fcrlich am Stand erh\u00e4ltlich sein.<\/p>\n<p>Ein Gang zum Caritas-Weihnachtsmarktstand lohnt sich auch immer f\u00fcr m\u00f6gliche Begegnungen, zumal zahlreiche Vertreter aus Politik und Kirche sich wieder bereit erkl\u00e4rt haben, die ehrenamtlichen Verk\u00e4ufer zu unterst\u00fctzen und gleichfalls f\u00fcr den guten Zweck eine \u201eVerkaufsschicht\u201c zu \u00fcbernehmen. Denn der gesamte Erl\u00f6s kommt der Arbeit mit behinderten Menschen zugute: Das Geld flie\u00dft der \u201eElterninitiative Freizeitclub\u201c zu, die ma\u00dfgeschneiderte Freizeitangebote und Ausfl\u00fcge speziell f\u00fcr Menschen mit Behinderung erarbeitet und durchf\u00fchrt.<\/p>\n<p>Folgende VIPs werden am Caritas-Weihnachtsmarktstand Dienst tun: Den Auftakt macht am Mittwoch, 2. Dezember von\u00c2\u00a0 16.30 bis 19 Uhr der Fuldaer Generalvikar Prof. Dr. Gerhard Stanke. Bundestagsabgeordnete Birgit K\u00f6mpel folgt am Samstag, 5. Dezember und steht von 11 bis 13 Uhr hinter dem Verkaufstresen. Gleich darauf am Montag, 7. Dezember, folgen die\u00c2\u00a0 Landtagsabgeordneten Markus Meysner und Sabine Waschke, die gemeinsam von 11 bis 12 Uhr den Verkauf von Caritas-Weihnachtsmarktartikeln unterst\u00fctzen wollen. Tradition ist es bereits, dass der Fuldaer Oberb\u00fcrgermeister und der Landrat des Landkreises Fulda gemeinsam am Stand zu finden sind. Hier gab es jedoch zwischenzeitlich einen personellen Wechsel, so dass das Team am Dienstag, 8. Dezember, von 17 bis 18 Uhr nun\u00c2\u00a0 Oberb\u00fcrgermeister Dr. Heiko Wingenfeld und Landrat Bernd Woide lautet. Staatssekret\u00e4r Dr. Wolfgang Dippel aus Wiesbaden gibt am Samstag, 12. Dezember ab 13 Uhr ein Fuldaer Gastspiel am Caritas-Stand. Neu im Verkaufsteam der VIPs ist auch der K\u00fcnzeller B\u00fcrgermeister Timo Zentgraf, der am Freitag, 18. Dezember von 11 bis 12 Uhr einen Freiwilligendienst als Verk\u00e4ufer tut. Den Abschluss machen am Montag, 21. Dezember von 15 bis 16.30 Uhr B\u00fcrgermeister Dag Wehner und erster Kreisbeigeordneter Frederik Schmitt.<\/p>\n<p>Seitens des Caritasverbandes wird zu den genannten Terminen immer Caritas-Vorstandsmitglied Ansgar Erb mit dabei sein, um die VIP-Verk\u00e4ufer zu unterst\u00fctzen. Alle ehrenamtlichen Verkaufsteams am Caritas-Weihnachtsmarktstand einschlie\u00dflich denen aus\u00c2\u00a0 Vertretern von Politik und Kirche freuen sich selbstverst\u00e4ndlich \u00fcber Ansprache von Passanten und Marktbesuchern und stehen \u00fcber die Verkaufst\u00e4tigkeit hinaus immer gerne f\u00fcr einen kleinen Plausch am Weihnachtsmarktstand der Caritas zur Verf\u00fcgung.<\/p>\n","protected":false},"excerpt":{"rendered":"<div class=\"tmnf_excerpt\"><p>Inklusives Ehrenamts-Projekt: Menschen mit Behinderung, ihre Angeh\u00f6rigen, Caritas-Hauptamtliche aus allen T\u00e4tigkeitsfeldern, Freunde der Caritas und VIPs als Verk\u00e4ufer Fulda (cif). Beim bevorstehenden Weihnachtsmarkt 2015 in Fulda rund um den Universit\u00e4tsplatz vom 27. November bis 23. Dezember haben nat\u00fcrlich auch wieder die Caritas-Werkst\u00e4tten ihren Stand zentral auf dem Platz aufgestellt und sind damit zum zw\u00f6lften Mal &hellip;<\/p>\n<\/div>","protected":false},"author":1,"featured_media":145688,"comment_status":"closed","ping_status":"closed","sticky":false,"template":"","format":"standard","meta":{"footnotes":""},"categories":[1],"tags":[],"class_list":["post-145684","post","type-post","status-publish","format-standard","has-post-thumbnail","hentry","category-startseite"],"_links":{"self":[{"href":"https:\/\/www.fuldaernachrichten.de\/index.php?rest_route=\/wp\/v2\/posts\/145684","targetHints":{"allow":["GET"]}}],"collection":[{"href":"https:\/\/www.fuldaernachrichten.de\/index.php?rest_route=\/wp\/v2\/posts"}],"about":[{"href":"https:\/\/www.fuldaernachrichten.de\/index.php?rest_route=\/wp\/v2\/types\/post"}],"author":[{"embeddable":true,"href":"https:\/\/www.fuldaernachrichten.de\/index.php?rest_route=\/wp\/v2\/users\/1"}],"replies":[{"embeddable":true,"href":"https:\/\/www.fuldaernachrichten.de\/index.php?rest_route=%2Fwp%2Fv2%2Fcomments&post=145684"}],"version-history":[{"count":1,"href":"https:\/\/www.fuldaernachrichten.de\/index.php?rest_route=\/wp\/v2\/posts\/145684\/revisions"}],"predecessor-version":[{"id":145689,"href":"https:\/\/www.fuldaernachrichten.de\/index.php?rest_route=\/wp\/v2\/posts\/145684\/revisions\/145689"}],"wp:featuredmedia":[{"embeddable":true,"href":"https:\/\/www.fuldaernachrichten.de\/index.php?rest_route=\/wp\/v2\/media\/145688"}],"wp:attachment":[{"href":"https:\/\/www.fuldaernachrichten.de\/index.php?rest_route=%2Fwp%2Fv2%2Fmedia&parent=145684"}],"wp:term":[{"taxonomy":"category","embeddable":true,"href":"https:\/\/www.fuldaernachrichten.de\/index.php?rest_route=%2Fwp%2Fv2%2Fcategories&post=145684"},{"taxonomy":"post_tag","embeddable":true,"href":"https:\/\/www.fuldaernachrichten.de\/index.php?rest_route=%2Fwp%2Fv2%2Ftags&post=145684"}],"curies":[{"name":"wp","href":"https:\/\/api.w.org\/{rel}","templated":true}]}}