{"id":145566,"date":"2015-11-21T15:14:23","date_gmt":"2015-11-21T14:14:23","guid":{"rendered":"http:\/\/www.fuldaer-nachrichten.de\/?p=145566"},"modified":"2015-11-21T15:14:23","modified_gmt":"2015-11-21T14:14:23","slug":"kurs-der-volkshochschule-des-landkreises-fulda-beginnt-dienstag-15-dezember-um-8-30-uhr-in-johann-adam-foerster-schule-in-huenfeld","status":"publish","type":"post","link":"https:\/\/www.fuldaernachrichten.de\/?p=145566","title":{"rendered":"Kurs der Volkshochschule des Landkreises Fulda beginnt Dienstag, 15. Dezember, um 8.30 Uhr in Johann-Adam-F\u00f6rster-Schule in H\u00fcnfeld"},"content":{"rendered":"<p>Zum Sprachenlernen ist es nie zu sp\u00e4t. Die Volkshochschule des Landkreises Fulda bietet einen Englischkurs f\u00fcr Senioren an, die endlich gen\u00fcgend Zeit haben, um alte Sprachkenntnisse aufzufrischen oder sich einer neuen Sprache zu widmen. Der Kurs entspricht der Grundstufe A2\/B1 und beginnt am Dienstag, 15. Dezember, um 8.30 Uhr in H\u00fcnfeld, Johann-Adam-F\u00f6rster-Schule (Raum C106). Information und Anmeldung unter der\u00c2\u00a0 Kursnummer VL4061677 bei der VHS des Landkreises, www.vhs-fulda.de, oder im B\u00fcrgerservice, Telefon (0661)6006-1600.<\/p>\n","protected":false},"excerpt":{"rendered":"<div class=\"tmnf_excerpt\"><p>Zum Sprachenlernen ist es nie zu sp\u00e4t. Die Volkshochschule des Landkreises Fulda bietet einen Englischkurs f\u00fcr Senioren an, die endlich gen\u00fcgend Zeit haben, um alte Sprachkenntnisse aufzufrischen oder sich einer neuen Sprache zu widmen. Der Kurs entspricht der Grundstufe A2\/B1 und beginnt am Dienstag, 15. Dezember, um 8.30 Uhr in H\u00fcnfeld, Johann-Adam-F\u00f6rster-Schule (Raum C106). Information &hellip;<\/p>\n<\/div>","protected":false},"author":1,"featured_media":0,"comment_status":"closed","ping_status":"closed","sticky":false,"template":"","format":"standard","meta":{"footnotes":""},"categories":[53],"tags":[],"class_list":["post-145566","post","type-post","status-publish","format-standard","hentry","category-bildung"],"_links":{"self":[{"href":"https:\/\/www.fuldaernachrichten.de\/index.php?rest_route=\/wp\/v2\/posts\/145566","targetHints":{"allow":["GET"]}}],"collection":[{"href":"https:\/\/www.fuldaernachrichten.de\/index.php?rest_route=\/wp\/v2\/posts"}],"about":[{"href":"https:\/\/www.fuldaernachrichten.de\/index.php?rest_route=\/wp\/v2\/types\/post"}],"author":[{"embeddable":true,"href":"https:\/\/www.fuldaernachrichten.de\/index.php?rest_route=\/wp\/v2\/users\/1"}],"replies":[{"embeddable":true,"href":"https:\/\/www.fuldaernachrichten.de\/index.php?rest_route=%2Fwp%2Fv2%2Fcomments&post=145566"}],"version-history":[{"count":1,"href":"https:\/\/www.fuldaernachrichten.de\/index.php?rest_route=\/wp\/v2\/posts\/145566\/revisions"}],"predecessor-version":[{"id":145568,"href":"https:\/\/www.fuldaernachrichten.de\/index.php?rest_route=\/wp\/v2\/posts\/145566\/revisions\/145568"}],"wp:attachment":[{"href":"https:\/\/www.fuldaernachrichten.de\/index.php?rest_route=%2Fwp%2Fv2%2Fmedia&parent=145566"}],"wp:term":[{"taxonomy":"category","embeddable":true,"href":"https:\/\/www.fuldaernachrichten.de\/index.php?rest_route=%2Fwp%2Fv2%2Fcategories&post=145566"},{"taxonomy":"post_tag","embeddable":true,"href":"https:\/\/www.fuldaernachrichten.de\/index.php?rest_route=%2Fwp%2Fv2%2Ftags&post=145566"}],"curies":[{"name":"wp","href":"https:\/\/api.w.org\/{rel}","templated":true}]}}