{"id":145551,"date":"2015-11-20T14:57:07","date_gmt":"2015-11-20T13:57:07","guid":{"rendered":"http:\/\/www.fuldaer-nachrichten.de\/?p=145551"},"modified":"2015-11-20T14:57:07","modified_gmt":"2015-11-20T13:57:07","slug":"kletterzentrum-fulda-erreicht-vierten-platz-bei-bundesweitem-klettermarathon%e2%80%a8","status":"publish","type":"post","link":"https:\/\/www.fuldaernachrichten.de\/?p=145551","title":{"rendered":"Kletterzentrum Fulda erreicht vierten Platz bei bundesweitem Klettermarathon\u00e2\u20ac\u00a8"},"content":{"rendered":"<p><a href=\"http:\/\/www.fuldaer-nachrichten.de\/wp-content\/uploads\/2015\/11\/DAV_KM_c.jpg\"><img decoding=\"async\" class=\"alignleft size-thumbnail wp-image-145557\" src=\"http:\/\/www.fuldaer-nachrichten.de\/wp-content\/uploads\/2015\/11\/DAV_KM_c-265x175.jpg\" alt=\"DAV_KM_c\" width=\"265\" height=\"175\" srcset=\"https:\/\/www.fuldaernachrichten.de\/wp-content\/uploads\/2015\/11\/DAV_KM_c-265x175.jpg 265w, https:\/\/www.fuldaernachrichten.de\/wp-content\/uploads\/2015\/11\/DAV_KM_c-600x397.jpg 600w, https:\/\/www.fuldaernachrichten.de\/wp-content\/uploads\/2015\/11\/DAV_KM_c.jpg 900w\" sizes=\"(max-width: 265px) 100vw, 265px\" \/><\/a>Das Kletterzentrum Fulda hat beim diesj\u00e4hrigen Klettermarathon am vergangenen Sonntag einen guten vierten Platz belegt. 32 Teilnehmer nahmen die Herausforderung an und erkletterten f\u00fcr ihre Heim-Halle in diesem bundesweiten Breitensport-Wettbewerb insgesamt 23.982m \u2013 knapp 2.000m schaffte allein das st\u00e4rkste Fuldaer Team. Insgesamt wurden in den sechs teilnehmenden Hallen von 140 Kletter-begeisterten 114.913m in 8.912 Routen innerhalb sechs Stunden erklettert.<\/p>\n<p>Von allen Seiten klickt und klackert es. Beinahe im Sekundentakt h\u00f6rt man die Kletterbefehle \u201eZu\u201c und \u201eAb\u201c. Ein normaler Kletternachmittag im Fuldaer Kletterzentrum? Nein, am vergangenen Sonntag war Fulda einer der Austragungsorte des j\u00e4hrlich stattfindenden Klettermarathons, bei die sechs Kletterhallen in Darmstadt, Frankfurt, Fulda, Marburg, Siegen und\u00c2\u00a0 Wetzlar im Kampf um die meisten Klettermeter gegeneinander antraten. 32 Kletterbegeisterte hatten sich genau mit diesem Ziel auch im Fuldaer Kletterzentrum eingefunden \u2013 ein Teilnehmerrekord f\u00fcr die Fuldaer Halle.<br \/>\nMarathon \u00fcber zwei Halbzeiten<\/p>\n<p><a href=\"http:\/\/www.fuldaer-nachrichten.de\/wp-content\/uploads\/2015\/11\/DAV_KM_e.jpg\"><img decoding=\"async\" class=\"alignleft size-thumbnail wp-image-145556\" src=\"http:\/\/www.fuldaer-nachrichten.de\/wp-content\/uploads\/2015\/11\/DAV_KM_e-265x175.jpg\" alt=\"DAV_KM_e\" width=\"265\" height=\"175\" srcset=\"https:\/\/www.fuldaernachrichten.de\/wp-content\/uploads\/2015\/11\/DAV_KM_e-265x175.jpg 265w, https:\/\/www.fuldaernachrichten.de\/wp-content\/uploads\/2015\/11\/DAV_KM_e-600x397.jpg 600w, https:\/\/www.fuldaernachrichten.de\/wp-content\/uploads\/2015\/11\/DAV_KM_e.jpg 900w\" sizes=\"(max-width: 265px) 100vw, 265px\" \/><\/a>Der Startschuss fiel um 10 Uhr. Danach hie\u00df es, in den ersten drei Stunden eine m\u00f6glichst gute Basisposition f\u00fcr die eigene Kletterhalle zu erreichen. Und das lie\u00dfen sich die Fuldaer Teilnehmer nicht zweimal sagen: egal ob Toprope oder Vorstieg \u2013 Route um Route wurde innerhalb weniger Minuten bei guter Laune und fetziger Musik erklettert und damit wichtige Meter eingesammelt. Direkt \u00fcber iPads \u201enotiert\u201c hatten alle Teilnehmer jederzeit einen direkten \u00dcberblick zur eigenen und der Position ihrer Halle. Nach einer halbst\u00fcndigen Mittagspause hie\u00df es dann: Kr\u00e4fte mobilisieren f\u00fcr die alles entscheidende zweite Halbzeit, die noch einmal \u00fcber drei Stunden lief.<\/p>\n<p>Spitzenleistungen und neuer Rekord<br \/>\nMit Spannung \u2013 und jeder Menge Metern in den Armen und Beinen \u2013 erwarteten die Teilnehmer um 16:30 Uhr das Endergebnis: 23.982m hatten die Fuldaer Teilnehmer erklettert. Eine starke Leistung, die in der Gesamtwertung der Hallen f\u00fcr einen guten vierten Platz sorgte \u2013 bei der insgesamt drittbesten Kletterleistung. Allein 1.977m erkletterte das beste Fuldaer Einzelteam Sarah G\u00fcnzel und Matthias K\u00f6rling (Mixed). Bei den Damen lagen zum Schluss Madeleine Wiegand und Luzie Walcher mit 1.801m vorn und die Spitze bei den Herren belegten Norbert Kamm und Marko Schild mit 1.723m.<\/p>\n<p>Einen neuen Rekord gab es bei der besten Team-Einzelleistung \u00fcber alle Hallen hinweg: lag dieser Spitzenwert im letzten Jahr noch bei 2.500m waren es in diesem Jahr 3.178m, die ein Team aus dem DAV Kletterzentrum Siegerland erkletterte \u2013 das Kletterzentrum, dass auch in der Gesamtwertung aller Hallen Platz 1 belegte.<\/p>\n<p><a href=\"http:\/\/www.fuldaer-nachrichten.de\/wp-content\/uploads\/2015\/11\/DAV_KM_d.jpg\"><img fetchpriority=\"high\" decoding=\"async\" class=\"alignleft size-thumbnail wp-image-145555\" src=\"http:\/\/www.fuldaer-nachrichten.de\/wp-content\/uploads\/2015\/11\/DAV_KM_d-265x199.jpg\" alt=\"DAV_KM_d\" width=\"265\" height=\"199\" srcset=\"https:\/\/www.fuldaernachrichten.de\/wp-content\/uploads\/2015\/11\/DAV_KM_d-265x199.jpg 265w, https:\/\/www.fuldaernachrichten.de\/wp-content\/uploads\/2015\/11\/DAV_KM_d-600x451.jpg 600w, https:\/\/www.fuldaernachrichten.de\/wp-content\/uploads\/2015\/11\/DAV_KM_d.jpg 900w\" sizes=\"(max-width: 265px) 100vw, 265px\" \/><\/a>Osthessische Kletterhalle als Ideengeber<br \/>\nDie Idee zu diesem Marathon der besonderen Art stammt urspr\u00fcnglich aus der Fuldaer Kletterhalle. 2013 startete die j\u00e4hrlich stattfindende Veranstaltung, die bislang \u00fcber 300 Teilnehmer angezogen hat, die gemeinsam \u00fcber 240 Kilometer erkletterten.<\/p>\n<p>Die Ergebnisse im \u00dcberblick:<\/p>\n<p>Hallenwertung:<\/p>\n<p>DAV Kletterzentrum Fulda Mixed:<br \/>\n1 Lila Lappen &#8211; Wir putzen die Routen weg! \u00c2\u00a0\u00c2\u00a0 \u00c2\u00a0\u00c2\u00a0\u00c2\u00a0 \u00c2\u00a01.977m\u00e2\u20ac\u00a8\u00c2\u00a0\u00c2\u00a0 Sarah G\u00fcnzel, Matthias K\u00f6rling<br \/>\n2 Die Draufg\u00e4nger \u00c2\u00a0\u00c2\u00a0 \u00c2\u00a0\u00c2\u00a0\u00c2\u00a0 \u00c2\u00a0\u00c2\u00a0\u00c2\u00a0 \u00c2\u00a0\u00c2\u00a0\u00c2\u00a0 \u00c2\u00a0\u00c2\u00a0\u00c2\u00a0 \u00c2\u00a0\u00c2\u00a0\u00c2\u00a0 \u00c2\u00a01.960m<br \/>\nSandra Neus\u00fc\u00df, Marc Nensel<br \/>\n3 Die biologisch Unm\u00f6glichen \u00c2\u00a0\u00c2\u00a0 \u00c2\u00a0\u00c2\u00a0\u00c2\u00a0 \u00c2\u00a0\u00c2\u00a0\u00c2\u00a0 \u00c2\u00a0\u00c2\u00a0\u00c2\u00a0 \u00c2\u00a01.869m<br \/>\nDominik Sch\u00e4fer, Sophia K\u00fcmpel<br \/>\n4 Karabinerlutscher \u00c2\u00a0\u00c2\u00a0 \u00c2\u00a0\u00c2\u00a0\u00c2\u00a0 \u00c2\u00a0\u00c2\u00a0\u00c2\u00a0 \u00c2\u00a0\u00c2\u00a0\u00c2\u00a0 \u00c2\u00a0\u00c2\u00a0\u00c2\u00a0 \u00c2\u00a0\u00c2\u00a0\u00c2\u00a0 \u00c2\u00a01.746m<br \/>\nJohannes Schmidt, Felicia Bug<br \/>\n5 Ein Lappen kommt selten alleine \u00c2\u00a0\u00c2\u00a0 \u00c2\u00a0\u00c2\u00a0\u00c2\u00a0 \u00c2\u00a0\u00c2\u00a0\u00c2\u00a0 \u00c2\u00a0\u00c2\u00a0\u00c2\u00a0 \u00c2\u00a01.410m<br \/>\nFabian G\u00fcnzel, Valentina Hagemann<br \/>\n6 Grenzkinder \u00c2\u00a0\u00c2\u00a0 \u00c2\u00a0\u00c2\u00a0\u00c2\u00a0 \u00c2\u00a0\u00c2\u00a0\u00c2\u00a0 \u00c2\u00a0\u00c2\u00a0\u00c2\u00a0 \u00c2\u00a0\u00c2\u00a0\u00c2\u00a0 \u00c2\u00a0\u00c2\u00a0\u00c2\u00a0 \u00c2\u00a01.408m<br \/>\nMatthias B\u00fcchel, Jasmin Jumtow<br \/>\n7 Nano\u00c2\u00b4s \u00c2\u00a0\u00c2\u00a0 \u00c2\u00a0\u00c2\u00a0\u00c2\u00a0 \u00c2\u00a0\u00c2\u00a0\u00c2\u00a0 \u00c2\u00a0\u00c2\u00a0\u00c2\u00a0 \u00c2\u00a0\u00c2\u00a0\u00c2\u00a0 \u00c2\u00a0\u00c2\u00a0\u00c2\u00a0 \u00c2\u00a0\u00c2\u00a0\u00c2\u00a0 \u00c2\u00a01.243m<br \/>\nLuc Kaiser, Magdalena Ritzau<br \/>\n8 Bieberstein \u00c2\u00a0\u00c2\u00a0 \u00c2\u00a0\u00c2\u00a0\u00c2\u00a0 \u00c2\u00a0\u00c2\u00a0\u00c2\u00a0 \u00c2\u00a0\u00c2\u00a0\u00c2\u00a0 \u00c2\u00a0\u00c2\u00a0\u00c2\u00a0 \u00c2\u00a0\u00c2\u00a0\u00c2\u00a0 \u00c2\u00a0\u00c2\u00a0\u00c2\u00a0 \u00c2\u00a01104m<br \/>\nLucia Pattay, Reiner Lange<\/p>\n<p>DAV Kletterzentrum Fulda Damen:<br \/>\n1 Baum(el)lila(la\/l\u00e4)pp(ch)en \u00c2\u00a0\u00c2\u00a0 \u00c2\u00a0\u00c2\u00a0\u00c2\u00a0 \u00c2\u00a0\u00c2\u00a0\u00c2\u00a0 \u00c2\u00a0\u00c2\u00a0\u00c2\u00a0 \u00c2\u00a0\u00c2\u00a0\u00c2\u00a0 \u00c2\u00a01.801m<br \/>\nMadeleine Wiegand, Luzie Walcher<br \/>\n2 Jawollo \u00c2\u00a0\u00c2\u00a0 \u00c2\u00a0\u00c2\u00a0\u00c2\u00a0 \u00c2\u00a0\u00c2\u00a0\u00c2\u00a0 \u00c2\u00a0\u00c2\u00a0\u00c2\u00a0 \u00c2\u00a0\u00c2\u00a0\u00c2\u00a0 \u00c2\u00a0\u00c2\u00a0\u00c2\u00a0 \u00c2\u00a0\u00c2\u00a0\u00c2\u00a0 \u00c2\u00a01.482m<br \/>\nVladimira Kruskova, Britta B\u00f6ttcher<br \/>\n3 Sweet Chocolate \u00c2\u00a0\u00c2\u00a0 \u00c2\u00a0\u00c2\u00a0\u00c2\u00a0 \u00c2\u00a0\u00c2\u00a0\u00c2\u00a0 \u00c2\u00a0\u00c2\u00a0\u00c2\u00a0 \u00c2\u00a0\u00c2\u00a0\u00c2\u00a0 \u00c2\u00a0\u00c2\u00a0\u00c2\u00a0 \u00c2\u00a0\u00c2\u00a0\u00c2\u00a0 808m<br \/>\nElke M\u00fcller, Carmen Huder<\/p>\n<p>DAV Kletterzentrum Fulda Herren:<br \/>\n1 ExpressSet \u00c2\u00a0\u00c2\u00a0 \u00c2\u00a0\u00c2\u00a0\u00c2\u00a0 \u00c2\u00a0\u00c2\u00a0\u00c2\u00a0 \u00c2\u00a0\u00c2\u00a0\u00c2\u00a0 \u00c2\u00a0\u00c2\u00a0\u00c2\u00a0 \u00c2\u00a0\u00c2\u00a0\u00c2\u00a0 \u00c2\u00a0\u00c2\u00a0\u00c2\u00a0 \u00c2\u00a01.723m<br \/>\nNorbert Kamm, Marko Schild<br \/>\n2 MaNoMeter \u00c2\u00a0\u00c2\u00a0 \u00c2\u00a0\u00c2\u00a0\u00c2\u00a0 \u00c2\u00a0\u00c2\u00a0\u00c2\u00a0 \u00c2\u00a0\u00c2\u00a0\u00c2\u00a0 \u00c2\u00a0\u00c2\u00a0\u00c2\u00a0 \u00c2\u00a0\u00c2\u00a0\u00c2\u00a0 \u00c2\u00a0\u00c2\u00a0\u00c2\u00a0 \u00c2\u00a01.576m<br \/>\nNorbert Koch, Markus Bindernagel<br \/>\n3 Safety Salamanders \u00c2\u00a0\u00c2\u00a0 \u00c2\u00a0\u00c2\u00a0\u00c2\u00a0 \u00c2\u00a0\u00c2\u00a0\u00c2\u00a0 \u00c2\u00a0\u00c2\u00a0\u00c2\u00a0 \u00c2\u00a0\u00c2\u00a0\u00c2\u00a0 \u00c2\u00a01.406m<br \/>\nDainis Hedtke, Roman Aha<br \/>\n4 Team Eddie \u00c2\u00a0\u00c2\u00a0 \u00c2\u00a0\u00c2\u00a0\u00c2\u00a0 \u00c2\u00a0\u00c2\u00a0\u00c2\u00a0 \u00c2\u00a0\u00c2\u00a0\u00c2\u00a0 \u00c2\u00a0\u00c2\u00a0\u00c2\u00a0 \u00c2\u00a0\u00c2\u00a0\u00c2\u00a0 \u00c2\u00a01.357m<br \/>\nDirk \u00dcberreiter, Fabian M\u00fcller<br \/>\n5 Unbesteiglich \u00c2\u00a0\u00c2\u00a0 \u00c2\u00a0\u00c2\u00a0\u00c2\u00a0 \u00c2\u00a0\u00c2\u00a0\u00c2\u00a0 \u00c2\u00a0\u00c2\u00a0\u00c2\u00a0 \u00c2\u00a0\u00c2\u00a0\u00c2\u00a0 \u00c2\u00a0\u00c2\u00a0\u00c2\u00a0 \u00c2\u00a01.112m<br \/>\nJ\u00fcrgen M\u00fcller, Falk Miron<\/p>\n","protected":false},"excerpt":{"rendered":"<div class=\"tmnf_excerpt\"><p>Das Kletterzentrum Fulda hat beim diesj\u00e4hrigen Klettermarathon am vergangenen Sonntag einen guten vierten Platz belegt. 32 Teilnehmer nahmen die Herausforderung an und erkletterten f\u00fcr ihre Heim-Halle in diesem bundesweiten Breitensport-Wettbewerb insgesamt 23.982m \u2013 knapp 2.000m schaffte allein das st\u00e4rkste Fuldaer Team. Insgesamt wurden in den sechs teilnehmenden Hallen von 140 Kletter-begeisterten 114.913m in 8.912 Routen &hellip;<\/p>\n<\/div>","protected":false},"author":1,"featured_media":145554,"comment_status":"closed","ping_status":"closed","sticky":false,"template":"","format":"standard","meta":{"footnotes":""},"categories":[46],"tags":[],"class_list":["post-145551","post","type-post","status-publish","format-standard","has-post-thumbnail","hentry","category-sport"],"_links":{"self":[{"href":"https:\/\/www.fuldaernachrichten.de\/index.php?rest_route=\/wp\/v2\/posts\/145551","targetHints":{"allow":["GET"]}}],"collection":[{"href":"https:\/\/www.fuldaernachrichten.de\/index.php?rest_route=\/wp\/v2\/posts"}],"about":[{"href":"https:\/\/www.fuldaernachrichten.de\/index.php?rest_route=\/wp\/v2\/types\/post"}],"author":[{"embeddable":true,"href":"https:\/\/www.fuldaernachrichten.de\/index.php?rest_route=\/wp\/v2\/users\/1"}],"replies":[{"embeddable":true,"href":"https:\/\/www.fuldaernachrichten.de\/index.php?rest_route=%2Fwp%2Fv2%2Fcomments&post=145551"}],"version-history":[{"count":1,"href":"https:\/\/www.fuldaernachrichten.de\/index.php?rest_route=\/wp\/v2\/posts\/145551\/revisions"}],"predecessor-version":[{"id":145558,"href":"https:\/\/www.fuldaernachrichten.de\/index.php?rest_route=\/wp\/v2\/posts\/145551\/revisions\/145558"}],"wp:featuredmedia":[{"embeddable":true,"href":"https:\/\/www.fuldaernachrichten.de\/index.php?rest_route=\/wp\/v2\/media\/145554"}],"wp:attachment":[{"href":"https:\/\/www.fuldaernachrichten.de\/index.php?rest_route=%2Fwp%2Fv2%2Fmedia&parent=145551"}],"wp:term":[{"taxonomy":"category","embeddable":true,"href":"https:\/\/www.fuldaernachrichten.de\/index.php?rest_route=%2Fwp%2Fv2%2Fcategories&post=145551"},{"taxonomy":"post_tag","embeddable":true,"href":"https:\/\/www.fuldaernachrichten.de\/index.php?rest_route=%2Fwp%2Fv2%2Ftags&post=145551"}],"curies":[{"name":"wp","href":"https:\/\/api.w.org\/{rel}","templated":true}]}}