{"id":145495,"date":"2015-11-19T10:53:47","date_gmt":"2015-11-19T09:53:47","guid":{"rendered":"http:\/\/www.fuldaer-nachrichten.de\/?p=145495"},"modified":"2015-11-19T10:53:47","modified_gmt":"2015-11-19T09:53:47","slug":"tegut-laedt-zur-dritten-nacht-der-ausbildung-in-fulda-ein","status":"publish","type":"post","link":"https:\/\/www.fuldaernachrichten.de\/?p=145495","title":{"rendered":"tegut\u00e2\u20ac\u00a6 l\u00e4dt zur dritten Nacht der Ausbildung in Fulda ein"},"content":{"rendered":"<p>Am Dienstag, den 24. November 2015 \u00f6ffnet tegut\u00e2\u20ac\u00a6 von 17 bis 22 Uhr die T\u00fcren der Zentrale in Fulda: Pr\u00e4sentiert werden die vielf\u00e4ltigen Ausbildungs- und Studienm\u00f6glichkeiten bei tegut&#8230; \u201eAusbildung mit allen Sinnen erleben \u2013 so lautet das Motto\u201c, verr\u00e4t Benjamin Br\u00e4hler. Der Teamleiter Ausbildung freut sich auf die vielen interessierten Jugendlichen und ihre Eltern. Im letzten Jahr kamen 250 Besucher. Es wird einen kostenlosen Bewerbungsmappen-Check mit wichtigen Tipps f\u00fcr die richtige Bewerbung geben. Wer m\u00f6chte, kann kostenfrei ein professionelles Bewerbungsfoto von sich machen lassen, welches direkt nach Hause gemailt wird. Br\u00e4hler verdeutlicht die Motivation von tegut\u00e2\u20ac\u00a6 f\u00fcr die dritte Nacht der Ausbildung: \u201eUns ist es wichtig, dass die G\u00e4ste die Informationen direkt von unseren Auszubildenden und Ausbildern erhalten. Hier ist das pers\u00f6nliche Gespr\u00e4ch f\u00fcr beide Seiten ein Vorteil\u201c.<\/p>\n<p>Die Nacht der Ausbildung findet in der tegut\u00e2\u20ac\u00a6 Zentrale im Gerloser Weg 72 in Fulda statt. Anmelden kann man sich vorab per Email an ausbildung@tegut.com, Stichwort \u201eNacht der Ausbildung\u201c.<\/p>\n<p>\u00dcber tegut\u00e2\u20ac\u00a6<br \/>\ntegut&#8230; gute Lebensmittel ist ein Handelsunternehmen mit rund 280 Lebensmittelm\u00e4rkten in Hessen, Th\u00fcringen, Bayern sowie G\u00f6ttingen, Mainz und Stuttgart. Das Angebot frischer und \u00f6kologischer Lebensmittel, regionaler Bezug sowie Aus- und Weiterbildungsm\u00f6glichkeiten der Mitarbeitenden stehen im Fokus des Vollsortimenters tegut\u00e2\u20ac\u00a6 Die Kunden finden bis zu 25.000 Produkte in den Qualit\u00e4tsstufen kleinster Preis bis hin zu den verschiedenen Bio-Qualit\u00e4ten. 1982 hat tegut\u00e2\u20ac\u00a6 Bioprodukte in sein Sortiment aufgenommen und erwirtschaftet heute mit \u00fcber 3.000 Bio-Produkten 25% seines Umsatzes.<br \/>\ntegut\u00e2\u20ac\u00a6 betreibt derzeit drei unterschiedliche Konzepte: 122 Superm\u00e4rkte in Eigenregie mit rund 800 m2 &#8211; 2.500 m2 Verkaufsfl\u00e4che und als Vollsortimenter mit bis zu 25.000 Artikeln, 126 inhabergef\u00fchrte Nahversorger mit bis zu 800 m2 Verkaufsfl\u00e4che und rund 7.500 angebotenen Artikeln und 27 \u201etegut&#8230; L\u00e4dchen f\u00fcr alles\u201c ab 120 m2 auf dem Land und in Stadtquartieren mit rund 4.200 Produkten zur Nahversorgung. Seit 2013 ist tegut\u00e2\u20ac\u00a6 ein Teil der Genossenschaft Migros Z\u00fcrich. 2014 verzeichnete tegut\u00e2\u20ac\u00a6 einen Netto-Umsatz von 970,1 Mio. Euro (Vorjahr 977,1 Mio. Euro; &#8211; 0,7%). Die Fl\u00e4chenproduktivit\u00e4t wurde 2014 um 0,4% gesteigert. Insgesamt sind \u00fcber 5.200 Menschen in den M\u00e4rkten, den Logistikzentren und den Zentralen Diensten in Fulda f\u00fcr tegut&#8230; t\u00e4tig.<\/p>\n","protected":false},"excerpt":{"rendered":"<div class=\"tmnf_excerpt\"><p>Am Dienstag, den 24. November 2015 \u00f6ffnet tegut\u00e2\u20ac\u00a6 von 17 bis 22 Uhr die T\u00fcren der Zentrale in Fulda: Pr\u00e4sentiert werden die vielf\u00e4ltigen Ausbildungs- und Studienm\u00f6glichkeiten bei tegut&#8230; \u201eAusbildung mit allen Sinnen erleben \u2013 so lautet das Motto\u201c, verr\u00e4t Benjamin Br\u00e4hler. Der Teamleiter Ausbildung freut sich auf die vielen interessierten Jugendlichen und ihre Eltern. Im &hellip;<\/p>\n<\/div>","protected":false},"author":1,"featured_media":145498,"comment_status":"closed","ping_status":"closed","sticky":false,"template":"","format":"standard","meta":{"footnotes":""},"categories":[53],"tags":[],"class_list":["post-145495","post","type-post","status-publish","format-standard","has-post-thumbnail","hentry","category-bildung"],"_links":{"self":[{"href":"https:\/\/www.fuldaernachrichten.de\/index.php?rest_route=\/wp\/v2\/posts\/145495","targetHints":{"allow":["GET"]}}],"collection":[{"href":"https:\/\/www.fuldaernachrichten.de\/index.php?rest_route=\/wp\/v2\/posts"}],"about":[{"href":"https:\/\/www.fuldaernachrichten.de\/index.php?rest_route=\/wp\/v2\/types\/post"}],"author":[{"embeddable":true,"href":"https:\/\/www.fuldaernachrichten.de\/index.php?rest_route=\/wp\/v2\/users\/1"}],"replies":[{"embeddable":true,"href":"https:\/\/www.fuldaernachrichten.de\/index.php?rest_route=%2Fwp%2Fv2%2Fcomments&post=145495"}],"version-history":[{"count":1,"href":"https:\/\/www.fuldaernachrichten.de\/index.php?rest_route=\/wp\/v2\/posts\/145495\/revisions"}],"predecessor-version":[{"id":145497,"href":"https:\/\/www.fuldaernachrichten.de\/index.php?rest_route=\/wp\/v2\/posts\/145495\/revisions\/145497"}],"wp:featuredmedia":[{"embeddable":true,"href":"https:\/\/www.fuldaernachrichten.de\/index.php?rest_route=\/wp\/v2\/media\/145498"}],"wp:attachment":[{"href":"https:\/\/www.fuldaernachrichten.de\/index.php?rest_route=%2Fwp%2Fv2%2Fmedia&parent=145495"}],"wp:term":[{"taxonomy":"category","embeddable":true,"href":"https:\/\/www.fuldaernachrichten.de\/index.php?rest_route=%2Fwp%2Fv2%2Fcategories&post=145495"},{"taxonomy":"post_tag","embeddable":true,"href":"https:\/\/www.fuldaernachrichten.de\/index.php?rest_route=%2Fwp%2Fv2%2Ftags&post=145495"}],"curies":[{"name":"wp","href":"https:\/\/api.w.org\/{rel}","templated":true}]}}