{"id":145413,"date":"2015-11-16T13:25:18","date_gmt":"2015-11-16T12:25:18","guid":{"rendered":"http:\/\/www.fuldaer-nachrichten.de\/?p=145413"},"modified":"2015-11-16T13:25:18","modified_gmt":"2015-11-16T12:25:18","slug":"deutsche-pfadfinderschaft-st-georg-im-bistum-fulda","status":"publish","type":"post","link":"https:\/\/www.fuldaernachrichten.de\/?p=145413","title":{"rendered":"Deutsche Pfadfinderschaft St. Georg im Bistum Fulda"},"content":{"rendered":"<p><a href=\"http:\/\/www.fuldaer-nachrichten.de\/wp-content\/uploads\/2015\/11\/2015-11-14-Bild1.jpg\"><img fetchpriority=\"high\" decoding=\"async\" class=\"alignleft size-thumbnail wp-image-145415\" src=\"http:\/\/www.fuldaer-nachrichten.de\/wp-content\/uploads\/2015\/11\/2015-11-14-Bild1-265x199.jpg\" alt=\"2015-11-14 Bild1\" width=\"265\" height=\"199\" srcset=\"https:\/\/www.fuldaernachrichten.de\/wp-content\/uploads\/2015\/11\/2015-11-14-Bild1-265x199.jpg 265w, https:\/\/www.fuldaernachrichten.de\/wp-content\/uploads\/2015\/11\/2015-11-14-Bild1-600x450.jpg 600w, https:\/\/www.fuldaernachrichten.de\/wp-content\/uploads\/2015\/11\/2015-11-14-Bild1.jpg 900w\" sizes=\"(max-width: 265px) 100vw, 265px\" \/><\/a>Jedes Jahr im Herbst ist es soweit: die Stufenkonferenzen der Deutschen Pfadfinderschaft St. Georg (DPSG) im Bistum Fulda stehen an, das Treffen der Gruppenleiterinnen und Gruppenleiter aus den Pfadfinderst\u00e4mmen in der Di\u00f6zese Fulda.\u00dcber 100 von ihnen trafen sich im Feriendorf Eisenberg bei Kirchheim, um sich auszutauschen und thematisch zu arbeiten. Dabei stehen Themen f\u00fcr die jeweiligen Altersgruppen im Vordergrund, die f\u00fcr die Arbeit vor Ort wichtig sind.<\/p>\n<p>So besch\u00e4ftigten sich die Leiter der W\u00f6lflingsstufe (7-10 Jahre) mit der Frage \u201eWas muss ein W\u00f6lfling k\u00f6nnen?\u201c. \u00dcber den Taschenmesserf\u00fchrerschein und Knotenkunde wurde ebenso diskutiert wie \u00fcber die f\u00fcr diese Altersgruppe spezifischen Bed\u00fcrfnisse und die Anforderungen, die sich daraus f\u00fcr die Leitungspersonen ergeben. Die Stufenkonferenz \u201eJungpfadfinderstufe\u201c hatte sich als Thema den Umgang mit schwierigen Kindern in den Gruppenstunden gew\u00e4hlt. Im Austausch und in Rollenspielen wurde der Umgang mit schwierigen Situationen mit Kindern zwischen 10 und 13 Jahren ge\u00fcbt.<\/p>\n<p>Die Jugendlichen in der Pfadfinderstufe (13-16 Jahre) in den St\u00e4mmen k\u00f6nnen sich im n\u00e4chsten Jahr darauf freuen, immer mal Frisbee-Golf zu spielen und viel zum Thema \u201eWasser\u201c zu arbeiten. Beides waren n\u00e4mlich die Schwerpunkte, die der Pfadi-Arbeitskreis der DPSG Fulda f\u00fcr das Wochenende gew\u00e4hlt hatte. Die Rover (16-20 Jahre) schlie\u00dflich eroberten den Wald zur\u00fcck. Mit vielen Spielen und erlebnisp\u00e4dagogischen Elementen am Tag, aber auch in der Nacht, bekamen die Jugendlichen und jungen Erwachsenen Lust darauf gemacht, Naturerlebnisse auch in den Roverrunden vor Ort auszuprobieren.<\/p>\n<p><a href=\"http:\/\/www.fuldaer-nachrichten.de\/wp-content\/uploads\/2015\/11\/2015-11-14-Bild2.jpg\"><img decoding=\"async\" class=\"alignleft size-thumbnail wp-image-145416\" src=\"http:\/\/www.fuldaer-nachrichten.de\/wp-content\/uploads\/2015\/11\/2015-11-14-Bild2-265x199.jpg\" alt=\"2015-11-14 Bild2\" width=\"265\" height=\"199\" srcset=\"https:\/\/www.fuldaernachrichten.de\/wp-content\/uploads\/2015\/11\/2015-11-14-Bild2-265x199.jpg 265w, https:\/\/www.fuldaernachrichten.de\/wp-content\/uploads\/2015\/11\/2015-11-14-Bild2-600x450.jpg 600w, https:\/\/www.fuldaernachrichten.de\/wp-content\/uploads\/2015\/11\/2015-11-14-Bild2.jpg 900w\" sizes=\"(max-width: 265px) 100vw, 265px\" \/><\/a>Neben dem inhaltlichen Programm kam aber auch das gemeinsame Erleben nicht zu kurz. So sorgten Morgen- und Abendrunden, Lagerfeuer, der Gottesdienst mit Di\u00f6zesankurat Dr. Martin Stanke (Marburg) und das Abendprogramm am Samstag f\u00fcr gute Stimmung. Im Rahmen dieses Abendprogramms wurden dann auch verschiedene Ernennungen und Verleihungen vorgenommen: so erhielten Sabastian Becker (Stamm St. Martin Bad Orb) sowie Michael Klues und Michael \u201eHeavy\u201c Wenzel (beide aus dem Stamm St. Michael Marburg) ihr \u201eWoodbadge\u201c, da sie die international g\u00fcltige Leiterausbildung der Pfadfinder abgeschlossen haben. Benedict Ceulaers (Stamm St. Bonifatius W\u00e4chtersbach), Christian Blum (Stamm St. Martin Bad Orb) und Michael Wenzel wurden in den Di\u00f6zesanarbeitskreis f\u00fcr die Jungpfadfinderstufe berufen und einen neuen Chef bekamen sie auch gleich noch: Michael V\u00f6lcker (Stamm Barbarossa Rodenbach) wurde vom Di\u00f6zesanvorstand zum Stufenreferenten ernannt.<\/p>\n<p>Die ganze Zeit \u00fcber lief die Fotoaktion \u201eIch bin fremdenfreundlich!\u201c, mit der die DPSG im Bistum Fulda ein deutliches Zeichen f\u00fcr Gastfreundschaft gegen\u00fcber Fl\u00fcchtlingen setzen m\u00f6chte. Am Ende wurde mit dem traditionellen \u201eNehmt Abschied, Br\u00fcder\u201c im Schlusskreis ein ereignisreiches Wochenende beschlossen. In gro\u00dfer Einigkeit wurde verabredet, sich sp\u00e4testens zum Di\u00f6zesanlager 2016 \u00fcber Pfingsten am Buchschirm in Hilders wieder zu treffen.<\/p>\n","protected":false},"excerpt":{"rendered":"<div class=\"tmnf_excerpt\"><p>Jedes Jahr im Herbst ist es soweit: die Stufenkonferenzen der Deutschen Pfadfinderschaft St. Georg (DPSG) im Bistum Fulda stehen an, das Treffen der Gruppenleiterinnen und Gruppenleiter aus den Pfadfinderst\u00e4mmen in der Di\u00f6zese Fulda.\u00dcber 100 von ihnen trafen sich im Feriendorf Eisenberg bei Kirchheim, um sich auszutauschen und thematisch zu arbeiten. Dabei stehen Themen f\u00fcr die &hellip;<\/p>\n<\/div>","protected":false},"author":1,"featured_media":145414,"comment_status":"closed","ping_status":"closed","sticky":false,"template":"","format":"standard","meta":{"footnotes":""},"categories":[1],"tags":[],"class_list":["post-145413","post","type-post","status-publish","format-standard","has-post-thumbnail","hentry","category-startseite"],"_links":{"self":[{"href":"https:\/\/www.fuldaernachrichten.de\/index.php?rest_route=\/wp\/v2\/posts\/145413","targetHints":{"allow":["GET"]}}],"collection":[{"href":"https:\/\/www.fuldaernachrichten.de\/index.php?rest_route=\/wp\/v2\/posts"}],"about":[{"href":"https:\/\/www.fuldaernachrichten.de\/index.php?rest_route=\/wp\/v2\/types\/post"}],"author":[{"embeddable":true,"href":"https:\/\/www.fuldaernachrichten.de\/index.php?rest_route=\/wp\/v2\/users\/1"}],"replies":[{"embeddable":true,"href":"https:\/\/www.fuldaernachrichten.de\/index.php?rest_route=%2Fwp%2Fv2%2Fcomments&post=145413"}],"version-history":[{"count":1,"href":"https:\/\/www.fuldaernachrichten.de\/index.php?rest_route=\/wp\/v2\/posts\/145413\/revisions"}],"predecessor-version":[{"id":145417,"href":"https:\/\/www.fuldaernachrichten.de\/index.php?rest_route=\/wp\/v2\/posts\/145413\/revisions\/145417"}],"wp:featuredmedia":[{"embeddable":true,"href":"https:\/\/www.fuldaernachrichten.de\/index.php?rest_route=\/wp\/v2\/media\/145414"}],"wp:attachment":[{"href":"https:\/\/www.fuldaernachrichten.de\/index.php?rest_route=%2Fwp%2Fv2%2Fmedia&parent=145413"}],"wp:term":[{"taxonomy":"category","embeddable":true,"href":"https:\/\/www.fuldaernachrichten.de\/index.php?rest_route=%2Fwp%2Fv2%2Fcategories&post=145413"},{"taxonomy":"post_tag","embeddable":true,"href":"https:\/\/www.fuldaernachrichten.de\/index.php?rest_route=%2Fwp%2Fv2%2Ftags&post=145413"}],"curies":[{"name":"wp","href":"https:\/\/api.w.org\/{rel}","templated":true}]}}