{"id":14538,"date":"2008-11-20T00:10:24","date_gmt":"2008-11-19T23:10:24","guid":{"rendered":"http:\/\/www.schoene-nachrichten.de\/?p=14538"},"modified":"2008-11-20T08:09:56","modified_gmt":"2008-11-20T07:09:56","slug":"baumassnahme-stauraumkanal-tennisplatz-in-petersberg-marbach","status":"publish","type":"post","link":"https:\/\/www.fuldaernachrichten.de\/?p=14538","title":{"rendered":"Bauma\u00dfnahme Stauraumkanal \u201cTennisplatz\u201c in Petersberg-Marbach"},"content":{"rendered":"<p><strong>Fulda.<\/strong> Am Donnerstag, dem 13. November 2008, wurde der Stauraumkanal \u201eTennisplatz\u201c offiziell durch die Verbandsvorsitzende des Abwasserverbandes Fulda, Stadtbaur\u00e4tin Cornelia Zuschke und das Vorstandsmitglied B\u00fcrgermeister Karl-Josef Schwiddessen, in Anwesenheit weiterer Gremienmitglieder des Abwasserverbandes Fulda sowie Vertreter der Genehmigungsbeh\u00f6rden, der Baufirmen und der am Bau beteiligten Ingenieurb\u00fcros und Grundst\u00fcckseigent\u00fcmern seiner Bestimmung \u00fcbergeben.<\/p>\n<p><a rel=\"lightbox[roadtrip]\" href=\"http:\/\/www.schoene-nachrichten.de\/wp-content\/uploads\/2008\/11\/081119-kanal-1.jpg\" target=\"_blank\"><img decoding=\"async\" class=\"alignnone size-thumbnail wp-image-14544\" title=\"081119-kanal-1\" src=\"http:\/\/www.schoene-nachrichten.de\/wp-content\/uploads\/2008\/11\/081119-kanal-1-128x85.jpg\" alt=\"\" width=\"128\" height=\"85\" \/><\/a> <a rel=\"lightbox[roadtrip]\" href=\"http:\/\/www.schoene-nachrichten.de\/wp-content\/uploads\/2008\/11\/081119-kanal-2.jpg\" target=\"_blank\"><img decoding=\"async\" class=\"alignnone size-medium wp-image-14545\" title=\"081119-kanal-2\" src=\"http:\/\/www.schoene-nachrichten.de\/wp-content\/uploads\/2008\/11\/081119-kanal-2-99x128.jpg\" alt=\"\" width=\"99\" height=\"128\" srcset=\"https:\/\/www.fuldaernachrichten.de\/wp-content\/uploads\/2008\/11\/081119-kanal-2-99x128.jpg 99w, https:\/\/www.fuldaernachrichten.de\/wp-content\/uploads\/2008\/11\/081119-kanal-2.jpg 465w\" sizes=\"(max-width: 99px) 100vw, 99px\" \/><\/a> <a rel=\"lightbox[roadtrip]\" href=\"http:\/\/www.schoene-nachrichten.de\/wp-content\/uploads\/2008\/11\/081119-kanal-3.jpg\" target=\"_blank\"><img decoding=\"async\" class=\"alignnone size-thumbnail wp-image-14546\" title=\"081119-kanal-3\" src=\"http:\/\/www.schoene-nachrichten.de\/wp-content\/uploads\/2008\/11\/081119-kanal-3-128x85.jpg\" alt=\"\" width=\"128\" height=\"85\" \/><\/a><\/p>\n<p><a rel=\"lightbox[roadtrip]\" href=\"http:\/\/www.schoene-nachrichten.de\/wp-content\/uploads\/2008\/11\/081119-kanal-4.jpg\" target=\"_blank\"><img loading=\"lazy\" decoding=\"async\" class=\"alignnone size-thumbnail wp-image-14547\" title=\"081119-kanal-4\" src=\"http:\/\/www.schoene-nachrichten.de\/wp-content\/uploads\/2008\/11\/081119-kanal-4-128x85.jpg\" alt=\"\" width=\"128\" height=\"85\" \/><\/a> <a rel=\"lightbox[roadtrip]\" href=\"http:\/\/www.schoene-nachrichten.de\/wp-content\/uploads\/2008\/11\/081119-kanal-6.jpg\" target=\"_blank\"><img loading=\"lazy\" decoding=\"async\" class=\"alignnone size-thumbnail wp-image-14548\" title=\"081119-kanal-6\" src=\"http:\/\/www.schoene-nachrichten.de\/wp-content\/uploads\/2008\/11\/081119-kanal-6-128x85.jpg\" alt=\"\" width=\"128\" height=\"85\" \/><\/a> <a rel=\"lightbox[roadtrip]\" href=\"http:\/\/www.schoene-nachrichten.de\/wp-content\/uploads\/2008\/11\/084119-kanal-5.jpg\" target=\"_blank\"><img loading=\"lazy\" decoding=\"async\" class=\"alignnone size-thumbnail wp-image-14549\" title=\"084119-kanal-5\" src=\"http:\/\/www.schoene-nachrichten.de\/wp-content\/uploads\/2008\/11\/084119-kanal-5-128x85.jpg\" alt=\"\" width=\"128\" height=\"85\" \/><\/a><!--more--><\/p>\n<p>Im Bereich der Baustelle befand sich in 15,00 m Tiefe ein altes Regen\u00fcberlaufbauwerk. Dieses Bauwerk entsprach nicht mehr den Anforderungen und war auf Grund der Tiefenlage nicht mehr ordnungsgem\u00e4\u00df zu bewirtschaften.<\/p>\n<p><strong>Umwelt- und Gew\u00e4sserschutz<\/strong><br \/>\nDer alte Regen\u00fcberlauf wurde jetzt durch einen neuen Stauraumkanal ersetzt. Die imposanten Rohre des Stauraumkanals haben einen Durchmesser von 2,40 m und bestehen ebenso wie die dazugeh\u00f6renden Sch\u00e4chte und Bauwerke aus Glasfaser verst\u00e4rktem Kunststoff. Die Baul\u00e4nge des Stauraumkanals betr\u00e4gt 130 m. Dort k\u00f6nnen 450.000 Liter Abwasser und Regenwasser gespeichert werden. Dieses Volumen ist notwendig, damit bei Regen zun\u00e4chst nur ein geringer Teil des im Kanal ankommenden Wassers an die Kl\u00e4ranlage in Marbach weitergegeben werden muss. L\u00e4sst der Regen nach, entleert sich der Stauraumkanal automatisch in das weiterf\u00fchrende Kanalnetz. Das gespeicherte Wasser wird dann ebenfalls im Kl\u00e4rwerk Marbach gereinigt. Durch den gro\u00dfen Speicher tr\u00e4gt der Stauraumkanal somit in erheblichem Ma\u00dfe zum Umwelt- und Gew\u00e4sserschutz bei, da nur in seltenen F\u00e4llen stark verd\u00fcnntes Mischwasser in die Haune abgeschlagen wird.<\/p>\n<p>Neben dem Stauraumkanal wurden auch der weiterf\u00fchrende Schmutzwasserkanal bis an den Hauptsammler und der Regenauslasskanal bis zur Haune erneuert. Hierzu wurden bereits im Vorfeld der eigentlichen Tiefbauarbeiten die Kreuzungen mit der Bundesstra\u00dfe B 27 im letzten Winter in geschlossener Bauweise   -Microtunnelingverfahren-  durchgebohrt.<\/p>\n<p>Der Stauraumkanal ist mit seiner Gr\u00f6\u00dfe im Einzugsbereich der Kl\u00e4ranlage Marbach das letzte gro\u00dfe Bauwerk, welches vom Abwasserverband Fulda zu realisieren war. Die Baukosten in H\u00f6he von ca. 920.000 \u00e2\u201a\u00ac dienen nicht allein dem Umweltschutz, sondern haben auch zur F\u00f6rderung der heimischen Bauwirtschaft beigetragen. Das Land Hessen gew\u00e4hrt einen Zuschuss in H\u00f6he von ca. 60 %.<\/p>\n<p>Neben dem eigentlichen Stauraumkanal wurde auch in die Elektro- und Maschinentechnik investiert. Der Stauraumkanal wird mit modernster Regel- und Messtechnik ausgestattet. Ein motorgetriebener Drosselschieber garantiert, dass ein optimaler Abfluss aus dem Stauraumkanal gew\u00e4hrleistet wird. Eine intelligente Steuerung mit der Anbindung an das Leitsystem in der Kl\u00e4ranlage Gl\u00e4serzell sorgt daf\u00fcr, dass ein reibungsloser Betrieb stattfinden kann. Der Betrieb des Stauraumkanals und die Wartung der Technik erfolgt durch das Personal des Abwasserverbandes Fulda.<\/p>\n<p>Dank sprach die Verbandsvorsitzende Cornelia Zuschke den an der Planung und der Ausf\u00fchrung beteiligten Ingenieurb\u00fcros, Firmen und Beh\u00f6rden aus. Letztendlich hat sich die gute und unkomplizierte Zusammenarbeit aller Beteiligten bei der Realisierung diese Projektes bew\u00e4hrt und ist lobenswert.<\/p>\n<p>Bilder: Magistrat der Stadt Fulda<\/p>\n","protected":false},"excerpt":{"rendered":"<div class=\"tmnf_excerpt\"><p>Fulda. Am Donnerstag, dem 13. November 2008, wurde der Stauraumkanal \u201eTennisplatz\u201c offiziell durch die Verbandsvorsitzende des Abwasserverbandes Fulda, Stadtbaur\u00e4tin Cornelia Zuschke und das Vorstandsmitglied B\u00fcrgermeister Karl-Josef Schwiddessen, in Anwesenheit weiterer Gremienmitglieder des Abwasserverbandes Fulda sowie Vertreter der Genehmigungsbeh\u00f6rden, der Baufirmen und der am Bau beteiligten Ingenieurb\u00fcros und Grundst\u00fcckseigent\u00fcmern seiner Bestimmung \u00fcbergeben.<\/p>\n<\/div>","protected":false},"author":1,"featured_media":0,"comment_status":"closed","ping_status":"closed","sticky":false,"template":"","format":"standard","meta":{"footnotes":""},"categories":[1,29,52],"tags":[],"class_list":["post-14538","post","type-post","status-publish","format-standard","hentry","category-startseite","category-politik","category-umwelt"],"_links":{"self":[{"href":"https:\/\/www.fuldaernachrichten.de\/index.php?rest_route=\/wp\/v2\/posts\/14538","targetHints":{"allow":["GET"]}}],"collection":[{"href":"https:\/\/www.fuldaernachrichten.de\/index.php?rest_route=\/wp\/v2\/posts"}],"about":[{"href":"https:\/\/www.fuldaernachrichten.de\/index.php?rest_route=\/wp\/v2\/types\/post"}],"author":[{"embeddable":true,"href":"https:\/\/www.fuldaernachrichten.de\/index.php?rest_route=\/wp\/v2\/users\/1"}],"replies":[{"embeddable":true,"href":"https:\/\/www.fuldaernachrichten.de\/index.php?rest_route=%2Fwp%2Fv2%2Fcomments&post=14538"}],"version-history":[{"count":3,"href":"https:\/\/www.fuldaernachrichten.de\/index.php?rest_route=\/wp\/v2\/posts\/14538\/revisions"}],"predecessor-version":[{"id":14567,"href":"https:\/\/www.fuldaernachrichten.de\/index.php?rest_route=\/wp\/v2\/posts\/14538\/revisions\/14567"}],"wp:attachment":[{"href":"https:\/\/www.fuldaernachrichten.de\/index.php?rest_route=%2Fwp%2Fv2%2Fmedia&parent=14538"}],"wp:term":[{"taxonomy":"category","embeddable":true,"href":"https:\/\/www.fuldaernachrichten.de\/index.php?rest_route=%2Fwp%2Fv2%2Fcategories&post=14538"},{"taxonomy":"post_tag","embeddable":true,"href":"https:\/\/www.fuldaernachrichten.de\/index.php?rest_route=%2Fwp%2Fv2%2Ftags&post=14538"}],"curies":[{"name":"wp","href":"https:\/\/api.w.org\/{rel}","templated":true}]}}