{"id":145374,"date":"2015-11-16T00:36:55","date_gmt":"2015-11-15T23:36:55","guid":{"rendered":"http:\/\/www.fuldaer-nachrichten.de\/?p=145374"},"modified":"2015-11-16T00:36:55","modified_gmt":"2015-11-15T23:36:55","slug":"ladungssicherung-6-trainer-beratertag-im-3g","status":"publish","type":"post","link":"https:\/\/www.fuldaernachrichten.de\/?p=145374","title":{"rendered":"Ladungssicherung: 6. Trainer- &#038; Beratertag im \u201e3G\u201c"},"content":{"rendered":"<p>Am 17. November l\u00e4dt das \u201e3G Europ\u00e4isches Kompetenzzentrum Ladungssicherung\u201c in Fulda zum 6. Trainer- &amp; Beratertag ein. Zwischen 9:00 und 17:00 Uhr dreht sich alles um die Ladungssicherung von hartgewickelten Papierrollen f\u00fcr den Transport mit allen Verkehrstr\u00e4gern und den aktuellen Sachstand der zugeh\u00f6rigen Richtlinie VDI 2700 Blatt 9. Ein weiteres Thema ist die Transportprozessplanung und die juristischen Aspekte als Entscheidunghilfe f\u00fcr den Logistikleiter oder Versandleiter.<br \/>\nDen fachlichen Auftakt bildet diesmal ein Vortrag von Ralf Sch\u00f6ne. Der Referent ist \u00f6ffentlich bestellter und vereidigter Sachverst\u00e4ndiger f\u00fcr Transport, Umschlag und Lagerei von Papier und Zellstoff.<\/p>\n<p>Rechtsanwalt Ulrich Standke aus Augsburg wird \u00fcber die juristischen Aspekte informieren. Standke ist ein ausgewiesener Experte auf den Gebieten Speditionsrecht und Ladungssicherung. Konkret geht es um die Transportprozessplanung, den Verantwortungsbereich des Fahrers, die anerkannten Regeln der Technik sowie die Frage der so genannten Ladel\u00fccke. Beleuchtet werden unter anderem die Anforderungen an das Transportfahrzeug, die schon bei Ausschreibungen und Vertr\u00e4gen beachtet werden m\u00fcssen. Au\u00dferdem werden die Bedeutung von VDI Richtlinien, Zertifikaten und Handb\u00fcchern erl\u00e4utert.<\/p>\n<p>Die Logistikveranstaltung am 17. November 2015 beginnt um 8:30 Uhr mit der Registrierung und endet um 17.00 Uhr mit einem entspannten \u201eCome Together\u201c und interessanten Fachgespr\u00e4chen mit Erfahrungsaustausch.<\/p>\n","protected":false},"excerpt":{"rendered":"<div class=\"tmnf_excerpt\"><p>Am 17. November l\u00e4dt das \u201e3G Europ\u00e4isches Kompetenzzentrum Ladungssicherung\u201c in Fulda zum 6. Trainer- &amp; Beratertag ein. Zwischen 9:00 und 17:00 Uhr dreht sich alles um die Ladungssicherung von hartgewickelten Papierrollen f\u00fcr den Transport mit allen Verkehrstr\u00e4gern und den aktuellen Sachstand der zugeh\u00f6rigen Richtlinie VDI 2700 Blatt 9. Ein weiteres Thema ist die Transportprozessplanung und &hellip;<\/p>\n<\/div>","protected":false},"author":1,"featured_media":145384,"comment_status":"closed","ping_status":"closed","sticky":false,"template":"","format":"standard","meta":{"footnotes":""},"categories":[1],"tags":[],"class_list":["post-145374","post","type-post","status-publish","format-standard","has-post-thumbnail","hentry","category-startseite"],"_links":{"self":[{"href":"https:\/\/www.fuldaernachrichten.de\/index.php?rest_route=\/wp\/v2\/posts\/145374","targetHints":{"allow":["GET"]}}],"collection":[{"href":"https:\/\/www.fuldaernachrichten.de\/index.php?rest_route=\/wp\/v2\/posts"}],"about":[{"href":"https:\/\/www.fuldaernachrichten.de\/index.php?rest_route=\/wp\/v2\/types\/post"}],"author":[{"embeddable":true,"href":"https:\/\/www.fuldaernachrichten.de\/index.php?rest_route=\/wp\/v2\/users\/1"}],"replies":[{"embeddable":true,"href":"https:\/\/www.fuldaernachrichten.de\/index.php?rest_route=%2Fwp%2Fv2%2Fcomments&post=145374"}],"version-history":[{"count":1,"href":"https:\/\/www.fuldaernachrichten.de\/index.php?rest_route=\/wp\/v2\/posts\/145374\/revisions"}],"predecessor-version":[{"id":145385,"href":"https:\/\/www.fuldaernachrichten.de\/index.php?rest_route=\/wp\/v2\/posts\/145374\/revisions\/145385"}],"wp:featuredmedia":[{"embeddable":true,"href":"https:\/\/www.fuldaernachrichten.de\/index.php?rest_route=\/wp\/v2\/media\/145384"}],"wp:attachment":[{"href":"https:\/\/www.fuldaernachrichten.de\/index.php?rest_route=%2Fwp%2Fv2%2Fmedia&parent=145374"}],"wp:term":[{"taxonomy":"category","embeddable":true,"href":"https:\/\/www.fuldaernachrichten.de\/index.php?rest_route=%2Fwp%2Fv2%2Fcategories&post=145374"},{"taxonomy":"post_tag","embeddable":true,"href":"https:\/\/www.fuldaernachrichten.de\/index.php?rest_route=%2Fwp%2Fv2%2Ftags&post=145374"}],"curies":[{"name":"wp","href":"https:\/\/api.w.org\/{rel}","templated":true}]}}