{"id":145373,"date":"2015-11-16T00:36:00","date_gmt":"2015-11-15T23:36:00","guid":{"rendered":"http:\/\/www.fuldaer-nachrichten.de\/?p=145373"},"modified":"2015-11-16T00:36:00","modified_gmt":"2015-11-15T23:36:00","slug":"kreissynode-in-fulda-gibt-sich-schwerpunktthema-fluechtlinge","status":"publish","type":"post","link":"https:\/\/www.fuldaernachrichten.de\/?p=145373","title":{"rendered":"Kreissynode in Fulda gibt sich Schwerpunktthema Fl\u00fcchtlinge"},"content":{"rendered":"<p><a href=\"http:\/\/www.fuldaer-nachrichten.de\/wp-content\/uploads\/2015\/11\/Wingenfeld.jpg\"><img decoding=\"async\" class=\"alignleft size-thumbnail wp-image-145378\" src=\"http:\/\/www.fuldaer-nachrichten.de\/wp-content\/uploads\/2015\/11\/Wingenfeld-265x177.jpg\" alt=\"Wingenfeld\" width=\"265\" height=\"177\" srcset=\"https:\/\/www.fuldaernachrichten.de\/wp-content\/uploads\/2015\/11\/Wingenfeld-265x177.jpg 265w, https:\/\/www.fuldaernachrichten.de\/wp-content\/uploads\/2015\/11\/Wingenfeld-600x400.jpg 600w, https:\/\/www.fuldaernachrichten.de\/wp-content\/uploads\/2015\/11\/Wingenfeld.jpg 900w\" sizes=\"(max-width: 265px) 100vw, 265px\" \/><\/a>\u201eUm der Menschen willen\u201c hat sich die Synode des Kirchenkreises Fulda auf ihrer halbj\u00e4hrlichen Sitzung dem gro\u00dfen Thema Fl\u00fcchtlinge gestellt, so Dekan Bengt Seeberg vor den rund 90 Delegierten im Fuldaer Haus Oranien. Oberb\u00fcrgermeister Dr. Heiko Wingenfeld spricht in seinem Gru\u00dfwort von dem n\u00f6tigen \u201eMut f\u00fcr die Herausforderungen\u201c und lobt das gute und wichtige Miteinander mit den christlichen Kirchen angesichts der historischen, gesamtgesellschaftlichen Fl\u00fcchtlingsaufgabe.<\/p>\n<p>Dekan Seeberg stellt in seinen grunds\u00e4tzlichen Gedanken dar, dass es einerseits eine unbedingte humanit\u00e4re und christliche Verantwortung g\u00e4be, an Leib und Leben bedrohten Menschen, Zuflucht und Schutz zu geben. Andererseits geh\u00f6re es auch zum gesch\u00f6pflichen Dasein, dass M\u00f6glichkeiten begrenzt sind und \u00dcberforderungen in Angst oder sogar Aggression umschlagen k\u00f6nnten. \u201eDer Ausgleich zwischen diesen beiden Polen ist meines Erachtens widerspruchsfrei nicht m\u00f6glich\u201c, r\u00e4umt der Dekan ein. Er empfiehlt daher eine \u201edoppelte Anwaltschaft\u201c, einerseits f\u00fcr die Fliehenden andererseits f\u00fcr die ehrenamtlich und hauptamtlich Helfenden und Entscheidungstr\u00e4ger und f\u00fcr die, die sich Sorgen machen und Angst versp\u00fcren. \u201eIn dieser doppelten Anwaltschaft k\u00f6nnen wir aus der Kraft des Glaubens \u00c4ngste \u00fcberwinden und Br\u00fcckenbauer zwischen ver\u00e4ngstigten Fl\u00fcchtlingen und \u00e4ngstlichen Einheimischen sein\u201c, so Seeberg.<\/p>\n<p>Gelingende Beispiele im Kontext der Fl\u00fcchtlingshilfe im Kirchenkreis Fulda und gro\u00dfes Engagement von Ehrenamtlichen in Kirchengemeinden lobt Kreisdiakoniepfarrer Burkhard Enners. So g\u00e4be es in sehr vielen Kirchengemeinden Unterst\u00fctzerkreise f\u00fcr Fl\u00fcchtlinge, Deutschkurse oder auch Fortbildungen f\u00fcr Ehrenamtliche. \u201eUnd daf\u00fcr danke ich herzlich!\u201c Eine Million Euro hat die Landeskirche k\u00fcrzlich f\u00fcr die Arbeit mit Fl\u00fcchtlingen vor Ort in Aussicht gestellt, der Kirchenkreis Fulda k\u00f6nne davon auch profitieren.<\/p>\n<p><a href=\"http:\/\/www.fuldaer-nachrichten.de\/wp-content\/uploads\/2015\/11\/Synodale_.jpg\"><img decoding=\"async\" class=\"alignleft size-thumbnail wp-image-145380\" src=\"http:\/\/www.fuldaer-nachrichten.de\/wp-content\/uploads\/2015\/11\/Synodale_-265x143.jpg\" alt=\"Synodale_\" width=\"265\" height=\"143\" srcset=\"https:\/\/www.fuldaernachrichten.de\/wp-content\/uploads\/2015\/11\/Synodale_-265x143.jpg 265w, https:\/\/www.fuldaernachrichten.de\/wp-content\/uploads\/2015\/11\/Synodale_-600x323.jpg 600w, https:\/\/www.fuldaernachrichten.de\/wp-content\/uploads\/2015\/11\/Synodale_.jpg 900w\" sizes=\"(max-width: 265px) 100vw, 265px\" \/><\/a>Aus der Kirchengemeinde Wehrda-Rhina wei\u00df Pfarrer Steffen Blum von einer vierk\u00f6pfigen syrischen Familie zu berichten. Ein Unterst\u00fctzerteam des Ortes erm\u00f6glicht dieser Familie ein Dach \u00fcber dem Kopf, andere helfen ihnen beim Deutschlernen und wieder andere bei Beh\u00f6rdeng\u00e4ngen. Zwar k\u00f6nne die Gemeinde \u201enicht allen Menschen helfen, aber doch zumindest im Kleinen etwas bewegen\u201c, ermutigt Blum die Synodalen zu einem Weg der kleinen Schritte.<br \/>\nPfarrer Matti Fischer erz\u00e4hlt von den Bem\u00fchungen der Lutherkirche Fulda und Christophoruskirche K\u00fcnzell und w\u00fcnscht sich bei allen \u00dcberlegungen vor allen Dingen so etwas wie eine christliche Besonnenheit. Die Menschen, denen man hilft, seien nicht \u201eObjekte unserer Hilfsbem\u00fchungen, sondern Subjekte ihres eigenen Weges\u201c, so Fischer, der ambivalente Erfahrungen mit Menschen im Kirchenasyl macht und dessen Gemeinde \u201eherausgehe\u201c, um in der Fl\u00fcchtlingsunterkunft den Menschen u.a. in einem Caf\u00e9 zu begegnen.<\/p>\n<p>Einige Zeit des Synodalabends kosteten die Wahlen zur Landessynode, dem h\u00f6chsten Gremium aus Ehren- und Hauptamtlichen der Evangelischen Kirche von Kurhessen-Waldeck, da laut Gesch\u00e4ftsordnung f\u00fcr Kreissynoden das Wahlverfahren f\u00fcr jeden Delegierten eine absolute Mehrheit erfordert, was einige Stichwahlen notwendig macht. F\u00fcr die Landessynode werden schlie\u00dflich drei Delegierte, Pfarrer Wolfgang Echtermeyer, Peter Hallier und G\u00fcnter Ungermann gew\u00e4hlt, sowie deren Stellvertreter Pfarrer Harald Kr\u00fcger, Eva Hofmann und Uwe Bergmann.<br \/>\nBerichte aus Kirchenmusik, Jugendarbeit, Partnerschaftsarbeit in Tansania und dem Projekt der Radwegekirche am Radweg von Elters runden die Synode unter Leitung des Vorsitzenden Andreas Maraun ab.<\/p>\n","protected":false},"excerpt":{"rendered":"<div class=\"tmnf_excerpt\"><p>\u201eUm der Menschen willen\u201c hat sich die Synode des Kirchenkreises Fulda auf ihrer halbj\u00e4hrlichen Sitzung dem gro\u00dfen Thema Fl\u00fcchtlinge gestellt, so Dekan Bengt Seeberg vor den rund 90 Delegierten im Fuldaer Haus Oranien. Oberb\u00fcrgermeister Dr. Heiko Wingenfeld spricht in seinem Gru\u00dfwort von dem n\u00f6tigen \u201eMut f\u00fcr die Herausforderungen\u201c und lobt das gute und wichtige Miteinander &hellip;<\/p>\n<\/div>","protected":false},"author":1,"featured_media":145377,"comment_status":"closed","ping_status":"closed","sticky":false,"template":"","format":"standard","meta":{"footnotes":""},"categories":[1],"tags":[],"class_list":["post-145373","post","type-post","status-publish","format-standard","has-post-thumbnail","hentry","category-startseite"],"_links":{"self":[{"href":"https:\/\/www.fuldaernachrichten.de\/index.php?rest_route=\/wp\/v2\/posts\/145373","targetHints":{"allow":["GET"]}}],"collection":[{"href":"https:\/\/www.fuldaernachrichten.de\/index.php?rest_route=\/wp\/v2\/posts"}],"about":[{"href":"https:\/\/www.fuldaernachrichten.de\/index.php?rest_route=\/wp\/v2\/types\/post"}],"author":[{"embeddable":true,"href":"https:\/\/www.fuldaernachrichten.de\/index.php?rest_route=\/wp\/v2\/users\/1"}],"replies":[{"embeddable":true,"href":"https:\/\/www.fuldaernachrichten.de\/index.php?rest_route=%2Fwp%2Fv2%2Fcomments&post=145373"}],"version-history":[{"count":1,"href":"https:\/\/www.fuldaernachrichten.de\/index.php?rest_route=\/wp\/v2\/posts\/145373\/revisions"}],"predecessor-version":[{"id":145382,"href":"https:\/\/www.fuldaernachrichten.de\/index.php?rest_route=\/wp\/v2\/posts\/145373\/revisions\/145382"}],"wp:featuredmedia":[{"embeddable":true,"href":"https:\/\/www.fuldaernachrichten.de\/index.php?rest_route=\/wp\/v2\/media\/145377"}],"wp:attachment":[{"href":"https:\/\/www.fuldaernachrichten.de\/index.php?rest_route=%2Fwp%2Fv2%2Fmedia&parent=145373"}],"wp:term":[{"taxonomy":"category","embeddable":true,"href":"https:\/\/www.fuldaernachrichten.de\/index.php?rest_route=%2Fwp%2Fv2%2Fcategories&post=145373"},{"taxonomy":"post_tag","embeddable":true,"href":"https:\/\/www.fuldaernachrichten.de\/index.php?rest_route=%2Fwp%2Fv2%2Ftags&post=145373"}],"curies":[{"name":"wp","href":"https:\/\/api.w.org\/{rel}","templated":true}]}}