{"id":145370,"date":"2015-11-16T00:35:33","date_gmt":"2015-11-15T23:35:33","guid":{"rendered":"http:\/\/www.fuldaer-nachrichten.de\/?p=145370"},"modified":"2015-11-16T00:35:33","modified_gmt":"2015-11-15T23:35:33","slug":"netz-total-totalitaeres-netz-mensch-bleiben-im-digitalen-zeitalter","status":"publish","type":"post","link":"https:\/\/www.fuldaernachrichten.de\/?p=145370","title":{"rendered":"Netz total \u2013 totalit\u00e4res Netz? Mensch bleiben im digitalen Zeitalter"},"content":{"rendered":"<p>Unter diesem Titel wird Yvonne Hofstetter, Absolventin unserer Schule im Jahre 1985, am 26.11.2015 um 19.30 Uhr in der Aula der Marienschule einen Vortrag halten, zu dem der F\u00f6rderverein der Marienschule alle Interessierten herzlich einl\u00e4dt.<\/p>\n<p>Mit der NSA-Aff\u00e4re und dem uneingeschr\u00e4nkten Speichern und Auswerten unserer pers\u00f6nlichen Daten wird uns erschreckend deutlich, dass sich im Stillen eine neue technologische Revolution vollzogen hat, in der Computer fast unbemerkt auf ganz neue Weise leistungsf\u00e4hig geworden sind. Wenn intelligente Algorithmen der Motor unserer modernen Rechner sind, sind Big Data ihr Treibstoff und das Internet ihr Chassis.<\/p>\n<p>Zwar faszinieren uns intelligente Rechner, doch ihre rasche Ausbreitung wird nicht ohne soziale und gesellschaftliche Folgen bleiben. Sie kosten uns viel und das nicht nur in pekuni\u00e4rer Hinsicht. Als Technologie sind sie \u201edisruptiv\u201c, in der Sprache des Marketings vollziehen sie \u201ekreative Zerst\u00f6rung\u201c. Haben wir immer h\u00e4ufiger mit intelligenten Rechnern zu tun, wird das unseren Alltag ver\u00e4ndern, unseren Umgang miteinander, unser Werte- und Rechtssystem und auch unsere Staatsform. Warum ist das so? Intelligente Rechner werden uns vereinnahmen, weil sie in unser Denken eindringen, weil sie Gef\u00fchls-, Verhaltens- und Informationskontrolle betreiben werden. Das Netz bekommt totalit\u00e4re Z\u00fcge. Ein Entkommen gibt es nicht, denn diesmal ist das System global.<\/p>\n<p>Yvonne Hofstetter wurde 1966 geboren. Sie ist Juristin und Essayistin und begann ihre Karriere der Informationstechnologie im Jahr 1999. Seit 2009 ist Hofstetter Gesch\u00e4ftsf\u00fchrerin der Teramark Technologies GmbH im M\u00fcnchener Norden, einem f\u00fchrenden Unternehmen f\u00fcr maschinelle Lernverfahren. Das Unternehmen entwickelt Systeme der k\u00fcnstlichen Intelligenz sowohl f\u00fcr staatliche Einrichtungen als auch f\u00fcr die Wirtschaft; sein Kernteam ist \u00fcber 15 Jahre auf die Auswertung gro\u00dfer Datenmengen mit lernenden Maschinen spezialisiert. Hofstetter hat ihre Gedanken zu Big Data und der Nutzung intelligenter Algorithmen zur Optimierung des Menschen mehrfach prominent in der F.A.Z, der ZEIT und in zahlreichen Interviews dargelegt. Ihr Buch \u201eSie wissen alles\u201c ist beim C. Bertelsmann Verlag erschienen. Hofstetter lebt in Zolling und in Wien.<\/p>\n","protected":false},"excerpt":{"rendered":"<div class=\"tmnf_excerpt\"><p>Unter diesem Titel wird Yvonne Hofstetter, Absolventin unserer Schule im Jahre 1985, am 26.11.2015 um 19.30 Uhr in der Aula der Marienschule einen Vortrag halten, zu dem der F\u00f6rderverein der Marienschule alle Interessierten herzlich einl\u00e4dt. Mit der NSA-Aff\u00e4re und dem uneingeschr\u00e4nkten Speichern und Auswerten unserer pers\u00f6nlichen Daten wird uns erschreckend deutlich, dass sich im Stillen &hellip;<\/p>\n<\/div>","protected":false},"author":1,"featured_media":145375,"comment_status":"closed","ping_status":"closed","sticky":false,"template":"","format":"standard","meta":{"footnotes":""},"categories":[1],"tags":[],"class_list":["post-145370","post","type-post","status-publish","format-standard","has-post-thumbnail","hentry","category-startseite"],"_links":{"self":[{"href":"https:\/\/www.fuldaernachrichten.de\/index.php?rest_route=\/wp\/v2\/posts\/145370","targetHints":{"allow":["GET"]}}],"collection":[{"href":"https:\/\/www.fuldaernachrichten.de\/index.php?rest_route=\/wp\/v2\/posts"}],"about":[{"href":"https:\/\/www.fuldaernachrichten.de\/index.php?rest_route=\/wp\/v2\/types\/post"}],"author":[{"embeddable":true,"href":"https:\/\/www.fuldaernachrichten.de\/index.php?rest_route=\/wp\/v2\/users\/1"}],"replies":[{"embeddable":true,"href":"https:\/\/www.fuldaernachrichten.de\/index.php?rest_route=%2Fwp%2Fv2%2Fcomments&post=145370"}],"version-history":[{"count":1,"href":"https:\/\/www.fuldaernachrichten.de\/index.php?rest_route=\/wp\/v2\/posts\/145370\/revisions"}],"predecessor-version":[{"id":145379,"href":"https:\/\/www.fuldaernachrichten.de\/index.php?rest_route=\/wp\/v2\/posts\/145370\/revisions\/145379"}],"wp:featuredmedia":[{"embeddable":true,"href":"https:\/\/www.fuldaernachrichten.de\/index.php?rest_route=\/wp\/v2\/media\/145375"}],"wp:attachment":[{"href":"https:\/\/www.fuldaernachrichten.de\/index.php?rest_route=%2Fwp%2Fv2%2Fmedia&parent=145370"}],"wp:term":[{"taxonomy":"category","embeddable":true,"href":"https:\/\/www.fuldaernachrichten.de\/index.php?rest_route=%2Fwp%2Fv2%2Fcategories&post=145370"},{"taxonomy":"post_tag","embeddable":true,"href":"https:\/\/www.fuldaernachrichten.de\/index.php?rest_route=%2Fwp%2Fv2%2Ftags&post=145370"}],"curies":[{"name":"wp","href":"https:\/\/api.w.org\/{rel}","templated":true}]}}