{"id":145356,"date":"2015-11-16T00:33:15","date_gmt":"2015-11-15T23:33:15","guid":{"rendered":"http:\/\/www.fuldaer-nachrichten.de\/?p=145356"},"modified":"2015-11-16T00:33:15","modified_gmt":"2015-11-15T23:33:15","slug":"stabwechsel-im-cda-bezirksvorstand-osthessen-hubert-schulte-neuer-vorsitzender","status":"publish","type":"post","link":"https:\/\/www.fuldaernachrichten.de\/?p=145356","title":{"rendered":"Stabwechsel im CDA-Bezirksvorstand Osthessen &#8211; Hubert Schulte neuer Vorsitzender"},"content":{"rendered":"<p><a href=\"http:\/\/www.fuldaer-nachrichten.de\/wp-content\/uploads\/2015\/11\/IMG_4534.jpg\"><img decoding=\"async\" class=\"alignleft size-thumbnail wp-image-145366\" src=\"http:\/\/www.fuldaer-nachrichten.de\/wp-content\/uploads\/2015\/11\/IMG_4534-265x177.jpg\" alt=\"IMG_4534\" width=\"265\" height=\"177\" srcset=\"https:\/\/www.fuldaernachrichten.de\/wp-content\/uploads\/2015\/11\/IMG_4534-265x177.jpg 265w, https:\/\/www.fuldaernachrichten.de\/wp-content\/uploads\/2015\/11\/IMG_4534-600x400.jpg 600w, https:\/\/www.fuldaernachrichten.de\/wp-content\/uploads\/2015\/11\/IMG_4534.jpg 900w\" sizes=\"(max-width: 265px) 100vw, 265px\" \/><\/a>Der CDA-Bezirksverband Osthessen, der die Landkreise Fulda, den Main-Kinzig-Kreis, den Vogelsbergkreis und den Kreis Hersfeld-Rotenburg umfasst, hat am vergangenen Samstag, 14. November, in Hofbieber den Vorstand neu gew\u00e4hlt: neuer Vorsitzender ist Hubert Schulte, CDA-Kreisvorsitzender in Fulda, der damit gleichzeitg in den CDA-Landesvorstand und in den CDU-Bezirksvorstand r\u00fcckt.\u00c2\u00a0 Er l\u00f6st Uwe Meyer aus dem Vogelsbergkreis ab, der nach 16 Jahren nicht mehr f\u00fcr den Vorsitz kandidierte. Stellvertreter wurden Uwe Meyer , Dr. Natasa Valovic (MKK), Klaus Schwab (Fulda) und Philipp von Isenburg (MKK).\u00c2\u00a0 Als Beisitzer wurden Ulrike Hennenberg (Vogelsberg), Lieselotte Weitz (Hersfeld-Rotenburg) und Eva Brehm (Fulda) gew\u00e4hlt. Schulte formulierte nach seiner Wahl drei Aufgabenschwerpunkte: 1. h\u00f6rbare Stimme der Arbeitnehmer und ihrer Belange in der CDU und \u00fcber die CDU in der \u00d6ffentlichkeit zu sein, 2. neue Mitglieder f\u00fcr die CDA zu gewinnen und auf eine Verj\u00fcngung hinzuwirken, 3. die Kommunikation und Vernetzung auf Bezirksebene zu intensivieren.<\/p>\n<p>Mit Blick auf die anstehende Kommunalwahl am 6. M\u00e4rz 2016 verabschiedete der\u00c2\u00a0 CDA-Bezirksverband einstimmig nachfolgende Resolution:<br \/>\n\u201eCDA als kommunale Kraft \u2013 die menschliche Arbeit hat Vorrang!<\/p>\n<p>Die Christlich-Demokratische Arbeitnehmerschaft (CDA) als Sozialfl\u00fcgel der CDU fordert alle ihre Mitglieder auf, sich im kommenden Kommunalwahlkampf engagiert f\u00fcr eine st\u00e4rkere Ausrichtung der Politik auf die Interessenlage der Arbeitnehmer hin zu engagieren und die Kandidatinnen und Kandidaten der CDA zu unterst\u00fctzen. Lebensbedingungen f\u00fcr Arbeitnehmer werden immer auch durch kommunale Entwicklungen gepr\u00e4gt: gute und sichere Arbeitspl\u00e4tze vor Ort (d.h. keine prek\u00e4ren Arbeitsverh\u00e4ltnisse), gerechte und ausk\u00f6mmliche L\u00f6hne (siehe Mindestlohn), mehr Lohngerechtigkeit in der Leiharbeit (siehe Equal-Pay), bessere Lohnchancen f\u00fcr Frauen, eine bessere Vereinbarkeit von Berufs- und Familienarbeit f\u00fcr Eltern sowie f\u00fcr verl\u00e4ssliche und solidarische Sozialversicherungen. Auf der Grundlage des christlichen Menschenbildes mit seiner einzigartigen W\u00fcrde des Einzelnen, der Wertsch\u00e4tzung der menschlichen Arbeit mit Vorrang vor dem Kapital sind die W\u00e4hler aufgefordert, Parteien und Kandidaten nach ihren Priorit\u00e4ten in der kommunalen Politik und nach ihrem Einsatz auch f\u00fcr Arbeitnehmerbelange hin zu befragen. Als Orientierungshilfe dazu kann ein Informations-Flyer dienen, der auf der diesj\u00e4hrigen CDA-Landestagung in Baunatal verabschiedet wurde; dieser ist zu finden: www.cda-hessen.de (CDA-Beschl\u00fcsse 2015). Die CDA bleibt dabei ihrer Zielsetzung treu, sich vorrangig f\u00fcr die Belange der Besch\u00e4ftigten und ihrer Familien einzusetzen.\u201c<\/p>\n","protected":false},"excerpt":{"rendered":"<div class=\"tmnf_excerpt\"><p>Der CDA-Bezirksverband Osthessen, der die Landkreise Fulda, den Main-Kinzig-Kreis, den Vogelsbergkreis und den Kreis Hersfeld-Rotenburg umfasst, hat am vergangenen Samstag, 14. November, in Hofbieber den Vorstand neu gew\u00e4hlt: neuer Vorsitzender ist Hubert Schulte, CDA-Kreisvorsitzender in Fulda, der damit gleichzeitg in den CDA-Landesvorstand und in den CDU-Bezirksvorstand r\u00fcckt.\u00c2\u00a0 Er l\u00f6st Uwe Meyer aus dem Vogelsbergkreis ab, &hellip;<\/p>\n<\/div>","protected":false},"author":1,"featured_media":145365,"comment_status":"closed","ping_status":"closed","sticky":false,"template":"","format":"standard","meta":{"footnotes":""},"categories":[1],"tags":[],"class_list":["post-145356","post","type-post","status-publish","format-standard","has-post-thumbnail","hentry","category-startseite"],"_links":{"self":[{"href":"https:\/\/www.fuldaernachrichten.de\/index.php?rest_route=\/wp\/v2\/posts\/145356","targetHints":{"allow":["GET"]}}],"collection":[{"href":"https:\/\/www.fuldaernachrichten.de\/index.php?rest_route=\/wp\/v2\/posts"}],"about":[{"href":"https:\/\/www.fuldaernachrichten.de\/index.php?rest_route=\/wp\/v2\/types\/post"}],"author":[{"embeddable":true,"href":"https:\/\/www.fuldaernachrichten.de\/index.php?rest_route=\/wp\/v2\/users\/1"}],"replies":[{"embeddable":true,"href":"https:\/\/www.fuldaernachrichten.de\/index.php?rest_route=%2Fwp%2Fv2%2Fcomments&post=145356"}],"version-history":[{"count":1,"href":"https:\/\/www.fuldaernachrichten.de\/index.php?rest_route=\/wp\/v2\/posts\/145356\/revisions"}],"predecessor-version":[{"id":145367,"href":"https:\/\/www.fuldaernachrichten.de\/index.php?rest_route=\/wp\/v2\/posts\/145356\/revisions\/145367"}],"wp:featuredmedia":[{"embeddable":true,"href":"https:\/\/www.fuldaernachrichten.de\/index.php?rest_route=\/wp\/v2\/media\/145365"}],"wp:attachment":[{"href":"https:\/\/www.fuldaernachrichten.de\/index.php?rest_route=%2Fwp%2Fv2%2Fmedia&parent=145356"}],"wp:term":[{"taxonomy":"category","embeddable":true,"href":"https:\/\/www.fuldaernachrichten.de\/index.php?rest_route=%2Fwp%2Fv2%2Fcategories&post=145356"},{"taxonomy":"post_tag","embeddable":true,"href":"https:\/\/www.fuldaernachrichten.de\/index.php?rest_route=%2Fwp%2Fv2%2Ftags&post=145356"}],"curies":[{"name":"wp","href":"https:\/\/api.w.org\/{rel}","templated":true}]}}