{"id":145324,"date":"2015-11-13T09:14:01","date_gmt":"2015-11-13T08:14:01","guid":{"rendered":"http:\/\/www.fuldaer-nachrichten.de\/?p=145324"},"modified":"2015-11-13T09:14:01","modified_gmt":"2015-11-13T08:14:01","slug":"technik-und-kultur-live-in-der-ferdinand-braun-schule-am-20-und-21-11-2015","status":"publish","type":"post","link":"https:\/\/www.fuldaernachrichten.de\/?p=145324","title":{"rendered":"Technik und Kultur live in der Ferdinand-Braun-Schule am 20. und 21.11.2015"},"content":{"rendered":"<p>Was bedeutet eigentlich Technik in Zeiten von Industrie 4.0? Und was haben Sprachen und Gestaltung mit einer technischen Ausbildung zu tun? Um die rasche Ver\u00e4nderung technischer Berufe zu zeigen und ihr breites Unterrichtsangebot transparent zu machen, hat sich die Ferdinand-Braun-Schule Fulda entschlossen, ihre Pforten zu \u00f6ffnen. Und das sehr praxisnah, gleich an zwei Tagen. Eingeladen sind alle Interessierten, alle Jugendlichen und deren Familien.<\/p>\n<p>Am Freitag, dem 20. November 2015 findet der \u201eAbend der technischen Berufsausbildung\u201c statt. Zwischen 17.00 und 21.00 Uhr k\u00f6nnen Besucherinnen und Besucher Berufe live erleben: Von A wie Anlagenmechaniker bis Z wie Zerspanungsmechanikerin, von F wie Fachinformatiker bis L wie Leichtflugzeugbauerin vom Objektbeschichter bis zur technischen Produktdesignerin:<br \/>\nIn 50 Ausbildungsberufen zeigen die Lehrkr\u00e4fte gemeinsam mit den Auszubildenden, was alles \u201egeht\u201c an der Ferdinand-Braun-Schule, dem Kompetenzzentrum Technik in der Bildungsregion Osthessen.<br \/>\nDas Ganze wird umrahmt von einer Autoausstellung, bei der ein Mercedes-Oldtimer, Elektroautos der Firmen Renault und\u00c2\u00a0 Porsche sowie ein Showcar der EDAG &#8211; frisch von der IAA &#8211; zu besichtigen sind.<br \/>\n\u00dcber Berufe und die Berufsschule k\u00f6nnen sich Sch\u00fclerinnen und Sch\u00fcler an den Info-Points der Kreishandwerkerschaft und der Industrie- und Handelskammer informieren. Antworten geben Azubis, Innungsmeister und Berufsschullehrer, die beiden Kammern haben eine Liste mit offenen Ausbildungsstellen dabei.<br \/>\nUnd schlie\u00dflich: Eine gro\u00dfe Lightshow lenkt die Aufmerksamkeit genau an den richtigen Ort, die Goerdelerstra\u00dfe 7.<\/p>\n<p>Am Samstag, dem 21. November 2015 \u00f6ffnet die FBS ihre Pforten von 9.00 Uhr bis 13.00 Uhr f\u00fcr alle, die sich f\u00fcr die Vielfalt der Schulformen und die gro\u00dfe Bandbreite der Schulabschl\u00fcsse interessieren.<br \/>\nOb qualifizierter Hauptschul- oder Realschulabschluss, ob Fachhochschulreife oder Allgemeines Abitur ob Techniker oder Meisterin: Die Sch\u00fcler, Sch\u00fclerinnen und Studierenden zeigen in zahlreichen Aktionen, wie der Weg bis zu ihrem Abschluss aussieht und unterstreichen damit den hohen Praxisbezug der Schule. Angeboten werden auch Beratungen zum \u00dcbergang auf Fachoberschule, Berufliches Gymnasium sowie die anderen drei Vollzeitschulformen, die die FBS anbietet<\/p>\n<p>Im Rahmen einer Podiumsdiskussion wird eine Pers\u00f6nlichkeit aus Fulda den Landes- und Bundesbesten der Ferdinand-Braun-Schule Urkunden \u00fcberreichen. Diese Ausnahmetalente aus dem Jahr 2015 geh\u00f6ren zur Riege derjenigen, die in der FBS und ihren Partnerbetrieben ausgebildet wurden und H\u00f6chstleistungen erzielten.<br \/>\nAuch im Durschschnittnotenvergleich liegt die Ferdinand-Braun-Schule schon seit Jahren unter den Besten des Bundes, Hessens und der Region. Es gibt also unter dem Motto \u201eMach mit, sei dabei\u201c eine Menge zu erleben und zu bestaunen. www.ferdinand-braun-schule. de<\/p>\n","protected":false},"excerpt":{"rendered":"<div class=\"tmnf_excerpt\"><p>Was bedeutet eigentlich Technik in Zeiten von Industrie 4.0? Und was haben Sprachen und Gestaltung mit einer technischen Ausbildung zu tun? Um die rasche Ver\u00e4nderung technischer Berufe zu zeigen und ihr breites Unterrichtsangebot transparent zu machen, hat sich die Ferdinand-Braun-Schule Fulda entschlossen, ihre Pforten zu \u00f6ffnen. Und das sehr praxisnah, gleich an zwei Tagen. Eingeladen &hellip;<\/p>\n<\/div>","protected":false},"author":1,"featured_media":145328,"comment_status":"closed","ping_status":"closed","sticky":false,"template":"","format":"standard","meta":{"footnotes":""},"categories":[53],"tags":[],"class_list":["post-145324","post","type-post","status-publish","format-standard","has-post-thumbnail","hentry","category-bildung"],"_links":{"self":[{"href":"https:\/\/www.fuldaernachrichten.de\/index.php?rest_route=\/wp\/v2\/posts\/145324","targetHints":{"allow":["GET"]}}],"collection":[{"href":"https:\/\/www.fuldaernachrichten.de\/index.php?rest_route=\/wp\/v2\/posts"}],"about":[{"href":"https:\/\/www.fuldaernachrichten.de\/index.php?rest_route=\/wp\/v2\/types\/post"}],"author":[{"embeddable":true,"href":"https:\/\/www.fuldaernachrichten.de\/index.php?rest_route=\/wp\/v2\/users\/1"}],"replies":[{"embeddable":true,"href":"https:\/\/www.fuldaernachrichten.de\/index.php?rest_route=%2Fwp%2Fv2%2Fcomments&post=145324"}],"version-history":[{"count":1,"href":"https:\/\/www.fuldaernachrichten.de\/index.php?rest_route=\/wp\/v2\/posts\/145324\/revisions"}],"predecessor-version":[{"id":145329,"href":"https:\/\/www.fuldaernachrichten.de\/index.php?rest_route=\/wp\/v2\/posts\/145324\/revisions\/145329"}],"wp:featuredmedia":[{"embeddable":true,"href":"https:\/\/www.fuldaernachrichten.de\/index.php?rest_route=\/wp\/v2\/media\/145328"}],"wp:attachment":[{"href":"https:\/\/www.fuldaernachrichten.de\/index.php?rest_route=%2Fwp%2Fv2%2Fmedia&parent=145324"}],"wp:term":[{"taxonomy":"category","embeddable":true,"href":"https:\/\/www.fuldaernachrichten.de\/index.php?rest_route=%2Fwp%2Fv2%2Fcategories&post=145324"},{"taxonomy":"post_tag","embeddable":true,"href":"https:\/\/www.fuldaernachrichten.de\/index.php?rest_route=%2Fwp%2Fv2%2Ftags&post=145324"}],"curies":[{"name":"wp","href":"https:\/\/api.w.org\/{rel}","templated":true}]}}