{"id":145302,"date":"2015-11-12T09:44:20","date_gmt":"2015-11-12T08:44:20","guid":{"rendered":"http:\/\/www.fuldaer-nachrichten.de\/?p=145302"},"modified":"2015-11-12T09:44:20","modified_gmt":"2015-11-12T08:44:20","slug":"zusatzmittel-des-landes-fuer-den-pakt-fuer-den-nachmittag-ab-schuljahr-201617","status":"publish","type":"post","link":"https:\/\/www.fuldaernachrichten.de\/?p=145302","title":{"rendered":"Zusatzmittel des Landes f\u00fcr den \u201ePakt f\u00fcr den Nachmittag\u201c ab Schuljahr 2016\/17"},"content":{"rendered":"<p>Vom Hessischen Kultusminister Prof. Dr. Lorz kam k\u00fcrzlich erfreuliche Post an den Ersten Kreisbeigeordneten Peter Zielinski: Aufgrund der guten Bewerbung m\u00f6chte das Land den Vogelsbergkreis zum Schuljahr 2016\/17 in den Pakt f\u00fcr den Nachmittag aufnehmen. \u201eDas bedeutet, dass Grundschulen, Kommunen und Kreis gemeinsam sogenannte Pakte f\u00fcr den Nachmittag mit dem Land eingehen k\u00f6nnten, die daf\u00fcr Sorge tragen, dass die Betreuungszeiten an den Schulen von halb acht Uhr morgens bis nachmittags um f\u00fcnf Uhr garantiert werden k\u00f6nnen\u201c, erl\u00e4utert der Dezernent.<\/p>\n<p>M\u00f6glich werde dies durch zus\u00e4tzliche Mittel, die das Land hierf\u00fcr bereitstellt, durch Anteile der St\u00e4dte und Gemeinden und durch Elternbeitr\u00e4ge. F\u00fcr die Betreuungszeiten fr\u00fch morgens und sp\u00e4t nachmittags sowie in den Schulferien seien die St\u00e4dte und Gemeinden zust\u00e4ndig, der Kreis als Schultr\u00e4ger habe die r\u00e4umlichen und s\u00e4chlichen Rahmenbedingungen zur Verf\u00fcgung zu stellen. Peter Zielinski f\u00fchrt aus, dass die Kommunen \u00fcber die Paktvereinbarung die M\u00f6glichkeit erhalten sollen, bew\u00e4hrte Einrichtungen und damit qualifiziertes Personal \u2013 wie zum Beispiel im Falle der Stadt Lauterbach einen Kinderhort und dessen MitarbeiterInnen \u2013 einbringen k\u00f6nnten.<\/p>\n<p>\u201eDurch eine gemeinsame Herangehensweise k\u00f6nnen wir f\u00fcr alle die dies f\u00fcr ihre Kinder w\u00fcnschen zu festen und verl\u00e4sslichen Betreuungszeiten gelangen\u201c, hofft Zielinski und teilt abschlie\u00dfend mit, dass der Vogelsbergkreis im Rahmen der mit dem Land zu treffenden Regelungen zwei bis drei Schulen in den Pakt einbringen k\u00f6nne.<\/p>\n","protected":false},"excerpt":{"rendered":"<div class=\"tmnf_excerpt\"><p>Vom Hessischen Kultusminister Prof. Dr. Lorz kam k\u00fcrzlich erfreuliche Post an den Ersten Kreisbeigeordneten Peter Zielinski: Aufgrund der guten Bewerbung m\u00f6chte das Land den Vogelsbergkreis zum Schuljahr 2016\/17 in den Pakt f\u00fcr den Nachmittag aufnehmen. \u201eDas bedeutet, dass Grundschulen, Kommunen und Kreis gemeinsam sogenannte Pakte f\u00fcr den Nachmittag mit dem Land eingehen k\u00f6nnten, die daf\u00fcr &hellip;<\/p>\n<\/div>","protected":false},"author":1,"featured_media":0,"comment_status":"closed","ping_status":"closed","sticky":false,"template":"","format":"standard","meta":{"footnotes":""},"categories":[53],"tags":[],"class_list":["post-145302","post","type-post","status-publish","format-standard","hentry","category-bildung"],"_links":{"self":[{"href":"https:\/\/www.fuldaernachrichten.de\/index.php?rest_route=\/wp\/v2\/posts\/145302","targetHints":{"allow":["GET"]}}],"collection":[{"href":"https:\/\/www.fuldaernachrichten.de\/index.php?rest_route=\/wp\/v2\/posts"}],"about":[{"href":"https:\/\/www.fuldaernachrichten.de\/index.php?rest_route=\/wp\/v2\/types\/post"}],"author":[{"embeddable":true,"href":"https:\/\/www.fuldaernachrichten.de\/index.php?rest_route=\/wp\/v2\/users\/1"}],"replies":[{"embeddable":true,"href":"https:\/\/www.fuldaernachrichten.de\/index.php?rest_route=%2Fwp%2Fv2%2Fcomments&post=145302"}],"version-history":[{"count":1,"href":"https:\/\/www.fuldaernachrichten.de\/index.php?rest_route=\/wp\/v2\/posts\/145302\/revisions"}],"predecessor-version":[{"id":145305,"href":"https:\/\/www.fuldaernachrichten.de\/index.php?rest_route=\/wp\/v2\/posts\/145302\/revisions\/145305"}],"wp:attachment":[{"href":"https:\/\/www.fuldaernachrichten.de\/index.php?rest_route=%2Fwp%2Fv2%2Fmedia&parent=145302"}],"wp:term":[{"taxonomy":"category","embeddable":true,"href":"https:\/\/www.fuldaernachrichten.de\/index.php?rest_route=%2Fwp%2Fv2%2Fcategories&post=145302"},{"taxonomy":"post_tag","embeddable":true,"href":"https:\/\/www.fuldaernachrichten.de\/index.php?rest_route=%2Fwp%2Fv2%2Ftags&post=145302"}],"curies":[{"name":"wp","href":"https:\/\/api.w.org\/{rel}","templated":true}]}}