{"id":145296,"date":"2015-11-12T09:44:27","date_gmt":"2015-11-12T08:44:27","guid":{"rendered":"http:\/\/www.fuldaer-nachrichten.de\/?p=145296"},"modified":"2015-11-12T09:44:47","modified_gmt":"2015-11-12T08:44:47","slug":"kursstart-assistent-in-der-pflege-alltagsbegleiter-praesenzkraft-%c2%a7-87b-sgb-xi-pflegefachhelfer-in-der-gerontopsychiatrie","status":"publish","type":"post","link":"https:\/\/www.fuldaernachrichten.de\/?p=145296","title":{"rendered":"Kursstart Assistent in der Pflege Alltagsbegleiter \/ Pr\u00e4senzkraft \u00c2\u00a7 87b SGB XI Pflegefachhelfer in der Gerontopsychiatrie"},"content":{"rendered":"<p>Am 12. Oktober 2015 ist an der Vogelsberger Pflegeakademie ein neuer Weiterbildungskurs zum Alltagsbegleiter gestartet. Diese Qualifizierung beinhaltet drei Module, welche thematisch aufeinander aufbauen. Vier Teilnehmer streben den Abschluss zum Alltagsbegleiter\/Pr\u00e4senzkraft an, welcher 400 Stunden theoretischen Unterricht beinhaltet. Weitere 16 Teilnehmer m\u00f6chten den Kurs bis zum Abschluss Pflegefachhelfer in der Gerontopsychiatrie besuchen, welcher weitere 160 Stunden Unterricht enth\u00e4lt und die Qualifikation zum Alltagsbegleiter beinhaltet.<\/p>\n<p>Bei allen drei Abschl\u00fcssen werden praktische Stunden in Form von Praktika in ambulanten und\/oder station\u00e4ren Altenhilfeeinrichtungen absolviert.<\/p>\n<p>Mit bestandenem Abschluss k\u00f6nnen die Qualifizierten in der Pflege oder der Betreuung eingesetzt werden um die professionelle Pflege durch qualifiziertes Assistenzpersonal zu unterst\u00fctzen.<\/p>\n<p>Die Voraussetzungen f\u00fcr die Teilnahme sind die gesundheitliche Eignung (\u00e4rztliches Attest), polizeiliches F\u00fchrungszeugnis, Zuverl\u00e4ssigkeit, ein gepflegtes Erscheinungsbild und Freude am Umgang mit Menschen.<\/p>\n<p>Der n\u00e4chste Kursstart ist f\u00fcr den 08. Februar 2016 geplant. N\u00e4here Informationen dazu gibt es unter www.vogelsberger-pflegeakademie.de oder direkt in der Altenpflegeschule unter 06631 \/ 1320.<\/p>\n","protected":false},"excerpt":{"rendered":"<div class=\"tmnf_excerpt\"><p>Am 12. Oktober 2015 ist an der Vogelsberger Pflegeakademie ein neuer Weiterbildungskurs zum Alltagsbegleiter gestartet. Diese Qualifizierung beinhaltet drei Module, welche thematisch aufeinander aufbauen. Vier Teilnehmer streben den Abschluss zum Alltagsbegleiter\/Pr\u00e4senzkraft an, welcher 400 Stunden theoretischen Unterricht beinhaltet. Weitere 16 Teilnehmer m\u00f6chten den Kurs bis zum Abschluss Pflegefachhelfer in der Gerontopsychiatrie besuchen, welcher weitere 160 &hellip;<\/p>\n<\/div>","protected":false},"author":1,"featured_media":145303,"comment_status":"closed","ping_status":"closed","sticky":false,"template":"","format":"standard","meta":{"footnotes":""},"categories":[1,53],"tags":[],"class_list":["post-145296","post","type-post","status-publish","format-standard","has-post-thumbnail","hentry","category-startseite","category-bildung"],"_links":{"self":[{"href":"https:\/\/www.fuldaernachrichten.de\/index.php?rest_route=\/wp\/v2\/posts\/145296","targetHints":{"allow":["GET"]}}],"collection":[{"href":"https:\/\/www.fuldaernachrichten.de\/index.php?rest_route=\/wp\/v2\/posts"}],"about":[{"href":"https:\/\/www.fuldaernachrichten.de\/index.php?rest_route=\/wp\/v2\/types\/post"}],"author":[{"embeddable":true,"href":"https:\/\/www.fuldaernachrichten.de\/index.php?rest_route=\/wp\/v2\/users\/1"}],"replies":[{"embeddable":true,"href":"https:\/\/www.fuldaernachrichten.de\/index.php?rest_route=%2Fwp%2Fv2%2Fcomments&post=145296"}],"version-history":[{"count":1,"href":"https:\/\/www.fuldaernachrichten.de\/index.php?rest_route=\/wp\/v2\/posts\/145296\/revisions"}],"predecessor-version":[{"id":145307,"href":"https:\/\/www.fuldaernachrichten.de\/index.php?rest_route=\/wp\/v2\/posts\/145296\/revisions\/145307"}],"wp:featuredmedia":[{"embeddable":true,"href":"https:\/\/www.fuldaernachrichten.de\/index.php?rest_route=\/wp\/v2\/media\/145303"}],"wp:attachment":[{"href":"https:\/\/www.fuldaernachrichten.de\/index.php?rest_route=%2Fwp%2Fv2%2Fmedia&parent=145296"}],"wp:term":[{"taxonomy":"category","embeddable":true,"href":"https:\/\/www.fuldaernachrichten.de\/index.php?rest_route=%2Fwp%2Fv2%2Fcategories&post=145296"},{"taxonomy":"post_tag","embeddable":true,"href":"https:\/\/www.fuldaernachrichten.de\/index.php?rest_route=%2Fwp%2Fv2%2Ftags&post=145296"}],"curies":[{"name":"wp","href":"https:\/\/api.w.org\/{rel}","templated":true}]}}