{"id":145280,"date":"2015-11-12T09:40:43","date_gmt":"2015-11-12T08:40:43","guid":{"rendered":"http:\/\/www.fuldaer-nachrichten.de\/?p=145280"},"modified":"2015-11-12T09:40:43","modified_gmt":"2015-11-12T08:40:43","slug":"rententipps-fuer-frauen-arbeitsagentur-und-rentenversicherung-informieren-10","status":"publish","type":"post","link":"https:\/\/www.fuldaernachrichten.de\/?p=145280","title":{"rendered":"Rententipps f\u00fcr Frauen Arbeitsagentur und Rentenversicherung informieren"},"content":{"rendered":"<p>Interessierte Frauen haben am 19. November die M\u00f6glichkeit, an einem Vortrag zum Thema Rente teilzunehmen. Das Seminar mit dem Namen \u201eFrauen und Rente\u201c wird von der Agentur aus Anlass einer Vortragsreihe f\u00fcr Frauen angeboten. Inhalte sind die Auswirkungen von Mini-Jobs, Teilzeitbesch\u00e4ftigung und Kindererziehung auf die sp\u00e4tere Rente beziehungsweise auf das Arbeitslosengeld. \u201eTrotz Gleichstellungspolitik und Frauenf\u00f6rderung sind es nach wie vor die Frauen, die ihre Erwerbst\u00e4tigkeit wegen der Kindererziehung oder der Pflege von Angeh\u00f6rigen unterbrechen, einer Teilzeitbesch\u00e4ftigung nachgehen oder einen Minijob aus\u00fcben\u201c, sagt Melanie Bonacker, Beauftragte f\u00fcr Chancengleichheit am Arbeitsmarkt. \u201eEs ist deshalb wichtig, sich \u00fcber das eigene Rentenkonto zu informieren und rechtzeitig Vorsorge zu treffen\u201c, so Bonacker weiter. Der Vortrag findet von 9 bis 12 Uhr im Gruppenraum des Berufsinformationszentrums der Agentur f\u00fcr Arbeit in Bad Hersfeld statt. Als Referent wird ein Experte der Deutschen Rentenversicherung vor Ort sein. Teilnehmen k\u00f6nnen Frauen aller Alters- und Berufsgruppen, die erwerbst\u00e4tig sind oder sein wollen. Damit effektiv gearbeitet werden kann, ist die Teilnehmerinnenzahl auf 25 Personen begrenzt. Eine schriftliche oder telefonische Anmeldung ist deshalb erforderlich.<br \/>\nKontakt<br \/>\nTelefon: +49 6621 209 543<br \/>\nE-Mail: BadHersfeld-Fulda.BCA@arbeitsagentur.de<\/p>\n","protected":false},"excerpt":{"rendered":"<div class=\"tmnf_excerpt\"><p>Interessierte Frauen haben am 19. November die M\u00f6glichkeit, an einem Vortrag zum Thema Rente teilzunehmen. Das Seminar mit dem Namen \u201eFrauen und Rente\u201c wird von der Agentur aus Anlass einer Vortragsreihe f\u00fcr Frauen angeboten. Inhalte sind die Auswirkungen von Mini-Jobs, Teilzeitbesch\u00e4ftigung und Kindererziehung auf die sp\u00e4tere Rente beziehungsweise auf das Arbeitslosengeld. \u201eTrotz Gleichstellungspolitik und Frauenf\u00f6rderung &hellip;<\/p>\n<\/div>","protected":false},"author":1,"featured_media":0,"comment_status":"closed","ping_status":"closed","sticky":false,"template":"","format":"standard","meta":{"footnotes":""},"categories":[53],"tags":[],"class_list":["post-145280","post","type-post","status-publish","format-standard","hentry","category-bildung"],"_links":{"self":[{"href":"https:\/\/www.fuldaernachrichten.de\/index.php?rest_route=\/wp\/v2\/posts\/145280","targetHints":{"allow":["GET"]}}],"collection":[{"href":"https:\/\/www.fuldaernachrichten.de\/index.php?rest_route=\/wp\/v2\/posts"}],"about":[{"href":"https:\/\/www.fuldaernachrichten.de\/index.php?rest_route=\/wp\/v2\/types\/post"}],"author":[{"embeddable":true,"href":"https:\/\/www.fuldaernachrichten.de\/index.php?rest_route=\/wp\/v2\/users\/1"}],"replies":[{"embeddable":true,"href":"https:\/\/www.fuldaernachrichten.de\/index.php?rest_route=%2Fwp%2Fv2%2Fcomments&post=145280"}],"version-history":[{"count":1,"href":"https:\/\/www.fuldaernachrichten.de\/index.php?rest_route=\/wp\/v2\/posts\/145280\/revisions"}],"predecessor-version":[{"id":145291,"href":"https:\/\/www.fuldaernachrichten.de\/index.php?rest_route=\/wp\/v2\/posts\/145280\/revisions\/145291"}],"wp:attachment":[{"href":"https:\/\/www.fuldaernachrichten.de\/index.php?rest_route=%2Fwp%2Fv2%2Fmedia&parent=145280"}],"wp:term":[{"taxonomy":"category","embeddable":true,"href":"https:\/\/www.fuldaernachrichten.de\/index.php?rest_route=%2Fwp%2Fv2%2Fcategories&post=145280"},{"taxonomy":"post_tag","embeddable":true,"href":"https:\/\/www.fuldaernachrichten.de\/index.php?rest_route=%2Fwp%2Fv2%2Ftags&post=145280"}],"curies":[{"name":"wp","href":"https:\/\/api.w.org\/{rel}","templated":true}]}}