{"id":145143,"date":"2015-11-06T08:51:23","date_gmt":"2015-11-06T07:51:23","guid":{"rendered":"http:\/\/www.fuldaer-nachrichten.de\/?p=145143"},"modified":"2015-11-06T08:51:23","modified_gmt":"2015-11-06T07:51:23","slug":"landkreis-fulda-sucht-interessenten-fuer-taetigkeit-als-betreuer","status":"publish","type":"post","link":"https:\/\/www.fuldaernachrichten.de\/?p=145143","title":{"rendered":"Landkreis Fulda sucht Interessenten f\u00fcr T\u00e4tigkeit als Betreuer"},"content":{"rendered":"<p>Der Landkreis Fulda sucht junge Leute, die mindestens 17 Jahre als sind und sich vorstellen k\u00f6nnen, Kinder und Jugendliche auf einer Ferienfreizeit zu betreuen. Ben\u00f6tigt werden in jedem Jahr f\u00fcr die Durchf\u00fchrung von insgesamt 50 Freizeit- und Bildungsma\u00dfnahmen rund sechzig Betreuerinnen und Betreuer. Sie sollten Spa\u00df am Umgang mit Kinder und Jugendlichen haben und gerne im Team mit anderen Betreuern arbeiten.<\/p>\n<p>Zur Vorbereitung auf den Einsatz als Betreuer bietet die Kinder- und Jugendf\u00f6rderung des Landkreises eine intensive Schulung an. Diese findet an drei Wochenenden statt und beinhaltet beispielsweise Grundinformationen \u00fcber rechtliche Fragen wie die Aufsichtspflicht oder den Kinder- und Jugendschutz, aber auch ganz praktische Dinge wie Anregungen zur Programmgestaltung am Ferienort. F\u00fcr die Betreuer von Selbstversorger-Freizeiten wird zus\u00e4tzlich ein Outdoor-Seminar angeboten, bei dem unter anderem Grundkenntnisse im Kochen vermittelt werden.<\/p>\n<p>Neben der M\u00f6glichkeit, Erfahrungen in der Kinder- und Jugendarbeit zu sammeln und eventuelle Praxisnachweise f\u00fcr Ausbildung oder Studium zu erbringen, hat der Einsatz als Betreuer nach der festen \u00dcberzeugung von Dominik de Beisac, der im Fachdienst Jugend, Familie, Sport, Ehrenamt der Kreisverwaltung f\u00fcr die Ferienfreizeiten zust\u00e4ndig ist, einen positiven Einfluss auf die Pers\u00f6nlichkeitsentwicklung. \u201eUnsere jungen Leute lernen Teamf\u00e4higkeit, F\u00fchrungsverhalten und Verantwortung. Und die Anerkennung in der Gruppe f\u00f6rdert das Selbstbewusstsein.\u201c<\/p>\n<p>Au\u00dfer bei Ferienfreizeiten, die im n\u00e4chsten Jahr unter anderem nach Italien, S\u00fcdengland und ins Kleinwalsertal f\u00fchren, gibt es zahlreiche Tagesfahrten und Veranstaltungen des Jugendbildungswerks, bei denen ebenfalls tatkr\u00e4ftige Unterst\u00fctzung gebraucht wird. Aber auch bei Jugendhilfeprojekten wie dem Saftwerk oder bei der Kinderbetreuung sind die Betreuer des Landkreises t\u00e4tig. Sie erhalten f\u00fcr ihr ehrenamtliches Engagement eine kleine Aufwandsentsch\u00e4digung und erwerben die Juleica-Karte mit einigen Verg\u00fcnstigungen wie Preisnachl\u00e4ssen in bestimmten Gesch\u00e4ften.<\/p>\n<p>Kontakt<br \/>\nWer Interesse an einer T\u00e4tigkeit als Betreuer hat wendet sich an<br \/>\nLandkreis Fulda<br \/>\nJugend, Familie, Sport, Ehrenamt<br \/>\nW\u00f6rthstr. 15<br \/>\n36037 Fulda<br \/>\nTelefon (0661)6006-486 , Dominik de Beisac, oder E-Mail jugend@landkreis-fulda.de<\/p>\n","protected":false},"excerpt":{"rendered":"<div class=\"tmnf_excerpt\"><p>Der Landkreis Fulda sucht junge Leute, die mindestens 17 Jahre als sind und sich vorstellen k\u00f6nnen, Kinder und Jugendliche auf einer Ferienfreizeit zu betreuen. Ben\u00f6tigt werden in jedem Jahr f\u00fcr die Durchf\u00fchrung von insgesamt 50 Freizeit- und Bildungsma\u00dfnahmen rund sechzig Betreuerinnen und Betreuer. Sie sollten Spa\u00df am Umgang mit Kinder und Jugendlichen haben und gerne &hellip;<\/p>\n<\/div>","protected":false},"author":1,"featured_media":0,"comment_status":"closed","ping_status":"closed","sticky":false,"template":"","format":"standard","meta":{"footnotes":""},"categories":[72],"tags":[],"class_list":["post-145143","post","type-post","status-publish","format-standard","hentry","category-jugend"],"_links":{"self":[{"href":"https:\/\/www.fuldaernachrichten.de\/index.php?rest_route=\/wp\/v2\/posts\/145143","targetHints":{"allow":["GET"]}}],"collection":[{"href":"https:\/\/www.fuldaernachrichten.de\/index.php?rest_route=\/wp\/v2\/posts"}],"about":[{"href":"https:\/\/www.fuldaernachrichten.de\/index.php?rest_route=\/wp\/v2\/types\/post"}],"author":[{"embeddable":true,"href":"https:\/\/www.fuldaernachrichten.de\/index.php?rest_route=\/wp\/v2\/users\/1"}],"replies":[{"embeddable":true,"href":"https:\/\/www.fuldaernachrichten.de\/index.php?rest_route=%2Fwp%2Fv2%2Fcomments&post=145143"}],"version-history":[{"count":1,"href":"https:\/\/www.fuldaernachrichten.de\/index.php?rest_route=\/wp\/v2\/posts\/145143\/revisions"}],"predecessor-version":[{"id":145149,"href":"https:\/\/www.fuldaernachrichten.de\/index.php?rest_route=\/wp\/v2\/posts\/145143\/revisions\/145149"}],"wp:attachment":[{"href":"https:\/\/www.fuldaernachrichten.de\/index.php?rest_route=%2Fwp%2Fv2%2Fmedia&parent=145143"}],"wp:term":[{"taxonomy":"category","embeddable":true,"href":"https:\/\/www.fuldaernachrichten.de\/index.php?rest_route=%2Fwp%2Fv2%2Fcategories&post=145143"},{"taxonomy":"post_tag","embeddable":true,"href":"https:\/\/www.fuldaernachrichten.de\/index.php?rest_route=%2Fwp%2Fv2%2Ftags&post=145143"}],"curies":[{"name":"wp","href":"https:\/\/api.w.org\/{rel}","templated":true}]}}