{"id":145085,"date":"2015-11-04T09:32:17","date_gmt":"2015-11-04T08:32:17","guid":{"rendered":"http:\/\/www.fuldaer-nachrichten.de\/?p=145085"},"modified":"2016-02-10T22:33:51","modified_gmt":"2016-02-10T21:33:51","slug":"modisches-herbstfest-in-fulda-was-tragen-in-der-kalten-jahreszeit","status":"publish","type":"post","link":"https:\/\/www.fuldaernachrichten.de\/?p=145085","title":{"rendered":"Modisches Herbstfest in Fulda \u2013 was tragen in der kalten Jahreszeit?"},"content":{"rendered":"<p>Wenn die Menschen ihr Wochenende genie\u00dfen, die Einzelh\u00e4ndler mit Aktionen locken und nach den Kirchenglocken die Musik in den Einkaufsh\u00e4usern ert\u00f6nt, dann ist verkaufsoffener Sonntag. Der regelm\u00e4\u00dfige Sonntagsverkauf in Fulda ist mit spannenden Rahmenprogrammen wie beim allj\u00e4hrlichen <a href=\"http:\/\/www.fuldaer-nachrichten.de\/?p=143897\">Herbstfest<\/a> verbunden und zieht traditionell viele K\u00e4ufer aus ganz Hessen an, die die die Domstadt sp\u00fcrbar beleben. Ob Einkaufszentrum Emaillierwerk, Galeria Kaufhof oder Fachmarktzentrum Kaiserswiesen: Die H\u00e4ndlervereinigung City-Marketing organisiert immer ein Einkaufserlebnis, bei dem auch Familien bei Live-Musik und verschiedenen Aktionen einen entspannten gemeinsamen Tag verbringen. Neben kulinarischen und musikalischen Gen\u00fcssen k\u00f6nnen in den zahlreichen Schuh- und Bekleidungsgesch\u00e4ften nat\u00fcrlich einige modische Trends entdeckt werden.<\/p>\n<p>Lederwaren in allen m\u00f6glichen Variationen sind in dieser Herbst-\/Wintersaison angesagt wie nie. Ob R\u00f6cke, Kleider, Hosen, Westen oder sogar Blusen: Alles kann im aktuellen Lederlook sein. Auch Accessoires wie Taschen und Handschuhe aus hochwertigem Leder liegen voll im Trend; das zeigt nicht zuletzt das umfangreiche Angebot des auf Lederwaren spezialisieren Anbieters <a href=\"http:\/\/www.wittchen.com\/de\/\">Wittchen<\/a>. Sowohl klassisch-elegante Formen in schlichter Optik als auch moderne Designs mit ausdrucksstarken Farben und Mustern sind in den aktuellen Kollektionen zu finden. Welche Form und Farbe passt, muss jeder seinem Stil getreu selbst entscheiden.<\/p>\n<p>Ein weiterer Trend sind Schnitte im Retro-Stil der 60er und 70er Jahre. M\u00e4ntel und Kleider in der f\u00fcr die 60er-Jahre typischen A-Linie gibt es in gro\u00dffl\u00e4chigen und farbenfrohen Mustern, aber auch in gedeckten Farben. Die 70er feiern mit weit ausgestellten Schlaghosen, Blockabs\u00e4tzen, <a href=\"http:\/\/www.madame.de\/mailand-fashion-week-aw-2015-855276.html\">mutigen Mustern<\/a> und Schluppenblusen mit Schleifchen am Kragen ihr Comeback. Auch Materialien wie Samt, Wildleder und Patchwork-Muster geh\u00f6ren zum angesagten 70er-Look.<\/p>\n<p>Essentiell f\u00fcr den kalten Winter ist grober Strick, zum Beispiel in Form von Loopschals und gem\u00fctlichen Cardigans. Neben den A-Linien-M\u00e4nteln im Stil der 60er sind auch Capes und Ponchos beliebt. Die gro\u00dfen \u00dcberw\u00fcrfe schmeicheln fast jeder Figur und sind in unterschiedlichen Materialien zu haben. Pullover mit Rollkragen passen am besten zu solchen M\u00e4nteln und halten warm. An w\u00e4rmeren Tagen oder auch unter dem Mantel k\u00f6nnen modische Mantelwesten (Mantel ohne \u00c4rmel) getragen werden.<\/p>\n<p><img decoding=\"async\" src=\"https:\/\/c2.staticflickr.com\/6\/5494\/11153202364_e6322f7b2c_z.jpg\" alt=\"\" \/><\/p>\n<p>Bildrechte: Flickr <a href=\"https:\/\/www.flickr.com\/photos\/smittenkittenoriginals\/11153202364\/\" rel=\"nofollow\">white alpaca infinity scarf<\/a> <a href=\"https:\/\/www.flickr.com\/photos\/smittenkittenoriginals\/\" rel=\"nofollow\">Darlene<\/a> CC BY 2.0 <a href=\"https:\/\/creativecommons.org\/licenses\/by\/2.0\/\" rel=\"nofollow\">Bestimmte Rechte vorbehalten<\/a><\/p>\n","protected":false},"excerpt":{"rendered":"<div class=\"tmnf_excerpt\"><p>Wenn die Menschen ihr Wochenende genie\u00dfen, die Einzelh\u00e4ndler mit Aktionen locken und nach den Kirchenglocken die Musik in den Einkaufsh\u00e4usern ert\u00f6nt, dann ist verkaufsoffener Sonntag. Der regelm\u00e4\u00dfige Sonntagsverkauf in Fulda ist mit spannenden Rahmenprogrammen wie beim allj\u00e4hrlichen Herbstfest verbunden und zieht traditionell viele K\u00e4ufer aus ganz Hessen an, die die die Domstadt sp\u00fcrbar beleben. Ob &hellip;<\/p>\n<\/div>","protected":false},"author":1,"featured_media":0,"comment_status":"closed","ping_status":"closed","sticky":false,"template":"","format":"standard","meta":{"footnotes":""},"categories":[1],"tags":[104,95,100],"class_list":["post-145085","post","type-post","status-publish","format-standard","hentry","category-startseite","tag-akm","tag-besonders-lesenswert","tag-g"],"_links":{"self":[{"href":"https:\/\/www.fuldaernachrichten.de\/index.php?rest_route=\/wp\/v2\/posts\/145085","targetHints":{"allow":["GET"]}}],"collection":[{"href":"https:\/\/www.fuldaernachrichten.de\/index.php?rest_route=\/wp\/v2\/posts"}],"about":[{"href":"https:\/\/www.fuldaernachrichten.de\/index.php?rest_route=\/wp\/v2\/types\/post"}],"author":[{"embeddable":true,"href":"https:\/\/www.fuldaernachrichten.de\/index.php?rest_route=\/wp\/v2\/users\/1"}],"replies":[{"embeddable":true,"href":"https:\/\/www.fuldaernachrichten.de\/index.php?rest_route=%2Fwp%2Fv2%2Fcomments&post=145085"}],"version-history":[{"count":1,"href":"https:\/\/www.fuldaernachrichten.de\/index.php?rest_route=\/wp\/v2\/posts\/145085\/revisions"}],"predecessor-version":[{"id":145092,"href":"https:\/\/www.fuldaernachrichten.de\/index.php?rest_route=\/wp\/v2\/posts\/145085\/revisions\/145092"}],"wp:attachment":[{"href":"https:\/\/www.fuldaernachrichten.de\/index.php?rest_route=%2Fwp%2Fv2%2Fmedia&parent=145085"}],"wp:term":[{"taxonomy":"category","embeddable":true,"href":"https:\/\/www.fuldaernachrichten.de\/index.php?rest_route=%2Fwp%2Fv2%2Fcategories&post=145085"},{"taxonomy":"post_tag","embeddable":true,"href":"https:\/\/www.fuldaernachrichten.de\/index.php?rest_route=%2Fwp%2Fv2%2Ftags&post=145085"}],"curies":[{"name":"wp","href":"https:\/\/api.w.org\/{rel}","templated":true}]}}