{"id":145073,"date":"2015-11-04T09:28:10","date_gmt":"2015-11-04T08:28:10","guid":{"rendered":"http:\/\/www.fuldaer-nachrichten.de\/?p=145073"},"modified":"2015-11-04T09:28:10","modified_gmt":"2015-11-04T08:28:10","slug":"ein-besonderer-wandertag-fuer-die-zweitklaessler","status":"publish","type":"post","link":"https:\/\/www.fuldaernachrichten.de\/?p=145073","title":{"rendered":"Ein besonderer Wandertag f\u00fcr die Zweitkl\u00e4ssler"},"content":{"rendered":"<p><a href=\"http:\/\/www.fuldaer-nachrichten.de\/wp-content\/uploads\/2015\/11\/KinderDickerStein1.jpg\"><img decoding=\"async\" class=\"alignleft size-thumbnail wp-image-145076\" src=\"http:\/\/www.fuldaer-nachrichten.de\/wp-content\/uploads\/2015\/11\/KinderDickerStein1-265x149.jpg\" alt=\"KinderDickerStein1\" width=\"265\" height=\"149\" srcset=\"https:\/\/www.fuldaernachrichten.de\/wp-content\/uploads\/2015\/11\/KinderDickerStein1-265x149.jpg 265w, https:\/\/www.fuldaernachrichten.de\/wp-content\/uploads\/2015\/11\/KinderDickerStein1-600x337.jpg 600w, https:\/\/www.fuldaernachrichten.de\/wp-content\/uploads\/2015\/11\/KinderDickerStein1.jpg 900w\" sizes=\"(max-width: 265px) 100vw, 265px\" \/><\/a>17 gut gelaunte Zweitkl\u00e4ssler der Lautertalschule Engelrod starteten mit ihrer Lehrerin zu einem besonderen Wandertag: Trotz starkem Regen aus dunklen Wolken und\u00c2\u00a0 neun Grad Au\u00dfentemperatur packten sie sich in wetterfeste Kleidung und machten sich auf den Weg zum Naturdenkmal \u201eDicker Stein\u201c, ausger\u00fcstet nicht nur mit Fr\u00fchst\u00fcck sondern auch mit kleinen Hacken. Der Auftrag: Das Naturdenkmal von Rasen und Brennnesseln befreien.<\/p>\n<p>Nach einer kurzen Vorstellungsrunde und einer Einf\u00fchrung in das Thema Geotop\/ Naturdenkmal 062 Dicker Stein (Engelrod) wanderte die Klasse bei nachlassendem Niederschlag unter F\u00fchrung von Susanne Jost (Untere Naturschutzbeh\u00f6rde des Vogelsbergkreises) und deren Hund zur \u201eBaustelle\u201c.<br \/>\nEiner Gutachterempfehlung folgend sollten mehr Lebensr\u00e4ume f\u00fcr die seltenen Flechten auf der Gesteinsformation geschaffen werden, was die Kinder gerne in die Tat umsetzten.<\/p>\n<p>Mit Eifer \u2013 aber dennoch umsichtig \u2013 entfernten sie Rasensoden und Brennnesseln von den Basaltfelsen. Die Kinder betrachteten die Flechten sehr genau und lernten sie zu unterscheiden. Sie lachten \u00fcber die teilweise witzigen Namen wie Hirschgeweihflechte und lernten die Bed\u00fcrfnisse der Flechten und Moose kennen. Auf dem R\u00fcckweg gab es noch viele spannende Naturbeobachtungen zu machen, darunter die Kunstfl\u00fcge eines Rotmilans.<\/p>\n<p>F\u00fcr die Klassenlehrerin Annedore Radvan war dies der erste Besuch am Geotop und ein Ansto\u00df dazu, diesen besonderen Ort auch w\u00e4hrend der weiteren Grundschulzeit f\u00fcr verschiedene Themen im Sachunterricht einzubinden, um eine praktische Verkn\u00fcpfung\u00c2\u00a0 von Schulstoff, Heimat und Natur zu erleben.<\/p>\n","protected":false},"excerpt":{"rendered":"<div class=\"tmnf_excerpt\"><p>17 gut gelaunte Zweitkl\u00e4ssler der Lautertalschule Engelrod starteten mit ihrer Lehrerin zu einem besonderen Wandertag: Trotz starkem Regen aus dunklen Wolken und\u00c2\u00a0 neun Grad Au\u00dfentemperatur packten sie sich in wetterfeste Kleidung und machten sich auf den Weg zum Naturdenkmal \u201eDicker Stein\u201c, ausger\u00fcstet nicht nur mit Fr\u00fchst\u00fcck sondern auch mit kleinen Hacken. Der Auftrag: Das Naturdenkmal &hellip;<\/p>\n<\/div>","protected":false},"author":1,"featured_media":145075,"comment_status":"closed","ping_status":"closed","sticky":false,"template":"","format":"standard","meta":{"footnotes":""},"categories":[1],"tags":[],"class_list":["post-145073","post","type-post","status-publish","format-standard","has-post-thumbnail","hentry","category-startseite"],"_links":{"self":[{"href":"https:\/\/www.fuldaernachrichten.de\/index.php?rest_route=\/wp\/v2\/posts\/145073","targetHints":{"allow":["GET"]}}],"collection":[{"href":"https:\/\/www.fuldaernachrichten.de\/index.php?rest_route=\/wp\/v2\/posts"}],"about":[{"href":"https:\/\/www.fuldaernachrichten.de\/index.php?rest_route=\/wp\/v2\/types\/post"}],"author":[{"embeddable":true,"href":"https:\/\/www.fuldaernachrichten.de\/index.php?rest_route=\/wp\/v2\/users\/1"}],"replies":[{"embeddable":true,"href":"https:\/\/www.fuldaernachrichten.de\/index.php?rest_route=%2Fwp%2Fv2%2Fcomments&post=145073"}],"version-history":[{"count":1,"href":"https:\/\/www.fuldaernachrichten.de\/index.php?rest_route=\/wp\/v2\/posts\/145073\/revisions"}],"predecessor-version":[{"id":145077,"href":"https:\/\/www.fuldaernachrichten.de\/index.php?rest_route=\/wp\/v2\/posts\/145073\/revisions\/145077"}],"wp:featuredmedia":[{"embeddable":true,"href":"https:\/\/www.fuldaernachrichten.de\/index.php?rest_route=\/wp\/v2\/media\/145075"}],"wp:attachment":[{"href":"https:\/\/www.fuldaernachrichten.de\/index.php?rest_route=%2Fwp%2Fv2%2Fmedia&parent=145073"}],"wp:term":[{"taxonomy":"category","embeddable":true,"href":"https:\/\/www.fuldaernachrichten.de\/index.php?rest_route=%2Fwp%2Fv2%2Fcategories&post=145073"},{"taxonomy":"post_tag","embeddable":true,"href":"https:\/\/www.fuldaernachrichten.de\/index.php?rest_route=%2Fwp%2Fv2%2Ftags&post=145073"}],"curies":[{"name":"wp","href":"https:\/\/api.w.org\/{rel}","templated":true}]}}