{"id":144932,"date":"2015-11-01T00:13:08","date_gmt":"2015-10-31T23:13:08","guid":{"rendered":"http:\/\/www.fuldaer-nachrichten.de\/?p=144932"},"modified":"2015-10-30T23:14:10","modified_gmt":"2015-10-30T22:14:10","slug":"duales-studium-kombiniert-wissenschaft-mit-praxis-land-will-bekanntheit-weiter-steigern","status":"publish","type":"post","link":"https:\/\/www.fuldaernachrichten.de\/?p=144932","title":{"rendered":"Duales Studium Kombiniert Wissenschaft mit Praxis Land will Bekanntheit weiter steigern"},"content":{"rendered":"<p>Mit seiner Kombination aus wissenschaftlicher Fundierung und betrieblicher Praxis gilt das duale Studium als wegweisendes Ausbildungsmodell. Die Landesregierung, die Industrie- und Handelskammern, die Arbeitsagentur sowie die beteiligten hessischen Hochschulen und Berufsakademien verst\u00e4rken deshalb ihr Engagement daf\u00fcr. Mit der Unterzeichnung einer gemeinsamen Erkl\u00e4rung zur Ausgestaltung und Nutzung der Dachmarke \u201eDuales Studium Hessen\u201c haben sich die Partner dazu verpflichtet, die Bekanntheit der Dachmarke und ihrer Qualit\u00e4tskriterien weiter zu f\u00f6rdern &#8211; mit dem Ziel, dass im Jahr 2020 bereits 8000 M\u00e4nner und Frauen in Dualen Studieng\u00e4ngen eingeschrieben sein sollen.<\/p>\n<p>Ein duales Studium verbindet das wissenschaftliche Studium an einer Hochschule oder Berufsakademie mit der Ausbildung im Unternehmen. So sammeln Studierende schon w\u00e4hrend des Studiums Praxiserfahrung und profitieren von optimalen Studienbedingungen, Unternehmen sichern sich bedarfsgerecht ausgebildeten Nachwuchs.<\/p>\n<p>\u201eDie Dachmarke \u00e2\u20ac\u0161Duales Studium Hessen\u00e2\u20ac\u02dc steht f\u00fcr einen gemeinsamen Standard dualer Studieng\u00e4nge. Dieses Qualit\u00e4tsversprechen wollen wir in unserer Kommunikation st\u00e4rker verankern, um weitere Studieninteressierte und Praxispartner f\u00fcr das duale Studium in Hessen zu gewinnen\u201c, sagte Wissenschaftsminister Boris Rhein am Freitag. Wirtschaftsminister Tarek Al-Wazir wies auf die wachsende Bedeutung des dualen Studiums hin: \u201eZum Wintersemester 2014\/2015 haben sich 5.025 Studierende in dualen Studieng\u00e4ngen an den hessischen Hochschulen und Berufsakademien eingeschrieben \u2013 f\u00fcnfmal so viel wie im Jahr 2005. Diese Entwicklung wollen wir fortsetzen, denn das duale Studium ist f\u00fcr Hessens Unternehmen eine hervorragende M\u00f6glichkeit, ihren Fachkr\u00e4ftebedarf zu sichern.\u201c<\/p>\n<p>\u201eMit der Einrichtung der Informationsb\u00fcros Duales Studium Hessen im Jahr 2014 haben die hessischen Industrie- und Handelskammern bereits einen wichtigen Beitrag zu diesem Ziel geleistet\u201c, erkl\u00e4rte Prof. Dr. Mathias M\u00fcller, Vorsitzender der Arbeitsgemeinschaft hessischer Industrie- und Handelskammern. \u201eHinter der Marke Duales Studium Hessen steht ein hessenweites Netzwerk, in dem sich Bildungsanbieter, Kammern und weitere Partner einbringen, um das zukunftstr\u00e4chtige Ausbildungsmodell zu st\u00e4rken. Die Erkl\u00e4rung ist also auch ein Bekenntnis zur partnerschaftlichen Kooperation in einem vielversprechenden Feld der beruflichen Bildung.\u201c<\/p>\n<p>Sch\u00fclerinnen und Sch\u00fcler werden regelm\u00e4\u00dfig auf die M\u00f6glichkeit eines dualen Studiums hingewiesen. \u201eDie Informationsveranstaltungen zum dualen Studium erfahren gro\u00dfe Resonanz an den Schulen. Durch das Zusammenspiel verschiedener Akteure haben sie sich in der Studien- und Berufsorientierung etabliert\u201c, erkl\u00e4rte Kultusminister Prof. Dr. R. Alexander Lorz.<\/p>\n<p>Die Arbeit an den Schulen sei ein gelungenes Beispiel f\u00fcr die institutionen\u00fcbergreifende Zusammenarbeit, erg\u00e4nzte Dr. Frank Martin, Vorsitzender der Gesch\u00e4ftsf\u00fchrung der Regionaldirektion Hessen der Bundesagentur f\u00fcr Arbeit: \u201eIn der Berufsberatung der Bundesagentur f\u00fcr Arbeit spielt das duale Studium eine gro\u00dfe Rolle. Unser Engagement im Rahmen der Veranstaltungsreihe an Schulen ist daher weiterhin selbstverst\u00e4ndlich.\u201c<\/p>\n<p>\u201eDuales Studium Hessen\u201c ist eine eingetragene Marke des Landes Hessen. Als Dachmarke steht Duales Studium Hessen f\u00fcr einen gemeinsamen Qualit\u00e4tsstandard dualer Studieng\u00e4nge. Grundlage ist ein Kriterienkatalog, den eine Arbeitsgruppe aus Vertreterinnen und Vertretern von Hochschulen, Berufsakademien, Wirtschaftsverb\u00e4nden sowie des Wirtschafts-, Wissenschafts- und Kultusministeriums bereits 2010 formuliert hat. \u00dcber 100 Studienm\u00f6glichkeiten, die von aktuell 16 Bildungseinrichtungen nach einheitlichen Kriterien angeboten werden, bilden derzeit die Markenfamilie Duales Studium Hessen. Der Wissenschaftsrat hat in seinem Positionspapier zum dualen Studium vom Oktober 2013 die Bedeutung l\u00e4ndereigener Vernetzungsstrukturen zur Qualit\u00e4tssicherung hervorgehoben und das hessische Modell beispielhaft genannt.<\/p>\n<p>Weitere Informationen unter www.dualesstudium-hessen.de<\/p>\n","protected":false},"excerpt":{"rendered":"<div class=\"tmnf_excerpt\"><p>Mit seiner Kombination aus wissenschaftlicher Fundierung und betrieblicher Praxis gilt das duale Studium als wegweisendes Ausbildungsmodell. Die Landesregierung, die Industrie- und Handelskammern, die Arbeitsagentur sowie die beteiligten hessischen Hochschulen und Berufsakademien verst\u00e4rken deshalb ihr Engagement daf\u00fcr. Mit der Unterzeichnung einer gemeinsamen Erkl\u00e4rung zur Ausgestaltung und Nutzung der Dachmarke \u201eDuales Studium Hessen\u201c haben sich die Partner &hellip;<\/p>\n<\/div>","protected":false},"author":1,"featured_media":0,"comment_status":"closed","ping_status":"closed","sticky":false,"template":"","format":"standard","meta":{"footnotes":""},"categories":[53],"tags":[],"class_list":["post-144932","post","type-post","status-publish","format-standard","hentry","category-bildung"],"_links":{"self":[{"href":"https:\/\/www.fuldaernachrichten.de\/index.php?rest_route=\/wp\/v2\/posts\/144932","targetHints":{"allow":["GET"]}}],"collection":[{"href":"https:\/\/www.fuldaernachrichten.de\/index.php?rest_route=\/wp\/v2\/posts"}],"about":[{"href":"https:\/\/www.fuldaernachrichten.de\/index.php?rest_route=\/wp\/v2\/types\/post"}],"author":[{"embeddable":true,"href":"https:\/\/www.fuldaernachrichten.de\/index.php?rest_route=\/wp\/v2\/users\/1"}],"replies":[{"embeddable":true,"href":"https:\/\/www.fuldaernachrichten.de\/index.php?rest_route=%2Fwp%2Fv2%2Fcomments&post=144932"}],"version-history":[{"count":1,"href":"https:\/\/www.fuldaernachrichten.de\/index.php?rest_route=\/wp\/v2\/posts\/144932\/revisions"}],"predecessor-version":[{"id":144937,"href":"https:\/\/www.fuldaernachrichten.de\/index.php?rest_route=\/wp\/v2\/posts\/144932\/revisions\/144937"}],"wp:attachment":[{"href":"https:\/\/www.fuldaernachrichten.de\/index.php?rest_route=%2Fwp%2Fv2%2Fmedia&parent=144932"}],"wp:term":[{"taxonomy":"category","embeddable":true,"href":"https:\/\/www.fuldaernachrichten.de\/index.php?rest_route=%2Fwp%2Fv2%2Fcategories&post=144932"},{"taxonomy":"post_tag","embeddable":true,"href":"https:\/\/www.fuldaernachrichten.de\/index.php?rest_route=%2Fwp%2Fv2%2Ftags&post=144932"}],"curies":[{"name":"wp","href":"https:\/\/api.w.org\/{rel}","templated":true}]}}