{"id":144898,"date":"2015-10-31T03:17:17","date_gmt":"2015-10-31T02:17:17","guid":{"rendered":"http:\/\/www.fuldaer-nachrichten.de\/?p=144898"},"modified":"2015-10-30T08:19:43","modified_gmt":"2015-10-30T07:19:43","slug":"22-mitarbeiterinnen-und-mitarbeiter-der-kreisverwaltung-fuer-dienstjubilaeum-geehrt","status":"publish","type":"post","link":"https:\/\/www.fuldaernachrichten.de\/?p=144898","title":{"rendered":"22 Mitarbeiterinnen und Mitarbeiter der Kreisverwaltung f\u00fcr Dienstjubil\u00e4um geehrt"},"content":{"rendered":"<p><strong>Insgesamt 22 Mitarbeiterinnen und Mitarbeiter wurden k\u00fcrzlich von Landrat Bernd Woide und Erstem Kreisbeigeordneten Frederik Schmitt f\u00fcr ihre langj\u00e4hrige T\u00e4tigkeit im \u00f6ffentlichen Dienst geehrt. Mit 18 mal 25 plus 4 mal 40 Dienstjahren wurden in Summe 610 Jahre Arbeit im \u00f6ffentlichen Dienst gefeiert. <\/strong><\/p>\n<p>Landrat und Erster Kreisbeigeordneter sprachen ihre pers\u00f6nlichen Gl\u00fcckw\u00fcnsche aus, skizzierten die beruflichen Werdeg\u00e4nge der Jubilare und \u00fcberreichten Ehrenurkunden sowie Blumenstr\u00e4u\u00dfe. \u201eWir m\u00f6chten Ihnen ganz herzlich f\u00fcr ihre Treue zum Landkreis Fulda und Ihr pers\u00f6nliches Engagement danken\u201c, so Woide, der auf gutes, qualifiziertes und erfahrenes Personal ebenso baut, wie auf den Nachwuchs.<\/p>\n<p>Die Gr\u00fc\u00dfe vom Personalrat \u00fcberbrachte Personalratsvorsitzender Marco Hillenbrand. Auch er dankte den Mitarbeiterinnen und Mitarbeitern f\u00fcr die geleistete Arbeit. \u201eIn den vergangenen Jahren hat sich, was die Arbeit angeht, sicherlich Vieles ver\u00e4ndert\u201c, unterstrich Hillenbrand. \u201eSie haben sich immer wieder auf Neuerungen eingestellt und gezeigt, dass Sie leistungsf\u00e4hig sind. Wir alle wissen, was wir an Ihnen haben.\u201c<\/p>\n<p><strong>Auf 40 Dienstjahre<\/strong> k\u00f6nnen Barbara G\u00e4rtner (Fliedetalschule Flieden), Sieglinde Kl\u00fcber (Landwirtschaft), Renate Ruppert (Soziale Leistungen), Anita Zipper (Stra\u00dfenverkehr) zur\u00fcck blicken.<br \/>\n<strong>Ihr 25-j\u00e4hriges Dienstjubil\u00e4um begingen<\/strong>: Anja Abel (Soziale Leistungen), Anja F\u00f6ller (Schlossschule Neuhof), Tanja Gilbert (Verwaltungsleitung), Lydia Habersack (Seniana St. Ulrich), Silke Hillenbrand (Stra\u00dfenverkehr), Claudia Kemmler (St. Lioba Seniorenzentrum), Ilona L\u00f6wer (Kommunaler Arbeitsmarkt), Marga Schmitt (Gesundheitsamt), Cornelia Schwarz (Haushalt, Steuerung, Zahlungsverkehr), Simone Vey (Leistung und Vermittlung SGB II), Judith Weikard (Stra\u00dfenverkehr), Natascha Ziegler (Bauen und Wohnen), Matthias Br\u00e4hler (Kommunalaufsicht), Markus Dostal (Jugend, Familie, Sport, Ehrenamt), Michael Glozbach (Leistung und Vermittlung SGB II), Frank Jiptner (Leistung und Vermittlung SGB II), Helmut M\u00fcller (Hausmeister Kreisverwaltung Au\u00dfenstelle H\u00fcnfeld) und Carlo Schmitt (Ausl\u00e4nderwesen).<\/p>\n<p>&nbsp;<\/p>\n<p>BU: 22 Mitarbeiterinnen und Mitarbeiter feierten in Summe 610 Jahre Arbeit im \u00f6ffentlichen Dienst. Landrat Bernd Woide (re.), Erster Kreisbeigeordneter Frederik Schmitt (li.) und Personalratsvorsitzender Marco Hillenbrand (3.v.r.) \u00fcberbrachten Gl\u00fcckw\u00fcnsche und dankten f\u00fcr die geleistete Arbeit.<\/p>\n","protected":false},"excerpt":{"rendered":"<div class=\"tmnf_excerpt\"><p>Insgesamt 22 Mitarbeiterinnen und Mitarbeiter wurden k\u00fcrzlich von Landrat Bernd Woide und Erstem Kreisbeigeordneten Frederik Schmitt f\u00fcr ihre langj\u00e4hrige T\u00e4tigkeit im \u00f6ffentlichen Dienst geehrt. Mit 18 mal 25 plus 4 mal 40 Dienstjahren wurden in Summe 610 Jahre Arbeit im \u00f6ffentlichen Dienst gefeiert. Landrat und Erster Kreisbeigeordneter sprachen ihre pers\u00f6nlichen Gl\u00fcckw\u00fcnsche aus, skizzierten die beruflichen &hellip;<\/p>\n<\/div>","protected":false},"author":1,"featured_media":144907,"comment_status":"closed","ping_status":"closed","sticky":false,"template":"","format":"standard","meta":{"footnotes":""},"categories":[1,29],"tags":[],"class_list":["post-144898","post","type-post","status-publish","format-standard","has-post-thumbnail","hentry","category-startseite","category-politik"],"_links":{"self":[{"href":"https:\/\/www.fuldaernachrichten.de\/index.php?rest_route=\/wp\/v2\/posts\/144898","targetHints":{"allow":["GET"]}}],"collection":[{"href":"https:\/\/www.fuldaernachrichten.de\/index.php?rest_route=\/wp\/v2\/posts"}],"about":[{"href":"https:\/\/www.fuldaernachrichten.de\/index.php?rest_route=\/wp\/v2\/types\/post"}],"author":[{"embeddable":true,"href":"https:\/\/www.fuldaernachrichten.de\/index.php?rest_route=\/wp\/v2\/users\/1"}],"replies":[{"embeddable":true,"href":"https:\/\/www.fuldaernachrichten.de\/index.php?rest_route=%2Fwp%2Fv2%2Fcomments&post=144898"}],"version-history":[{"count":1,"href":"https:\/\/www.fuldaernachrichten.de\/index.php?rest_route=\/wp\/v2\/posts\/144898\/revisions"}],"predecessor-version":[{"id":144909,"href":"https:\/\/www.fuldaernachrichten.de\/index.php?rest_route=\/wp\/v2\/posts\/144898\/revisions\/144909"}],"wp:featuredmedia":[{"embeddable":true,"href":"https:\/\/www.fuldaernachrichten.de\/index.php?rest_route=\/wp\/v2\/media\/144907"}],"wp:attachment":[{"href":"https:\/\/www.fuldaernachrichten.de\/index.php?rest_route=%2Fwp%2Fv2%2Fmedia&parent=144898"}],"wp:term":[{"taxonomy":"category","embeddable":true,"href":"https:\/\/www.fuldaernachrichten.de\/index.php?rest_route=%2Fwp%2Fv2%2Fcategories&post=144898"},{"taxonomy":"post_tag","embeddable":true,"href":"https:\/\/www.fuldaernachrichten.de\/index.php?rest_route=%2Fwp%2Fv2%2Ftags&post=144898"}],"curies":[{"name":"wp","href":"https:\/\/api.w.org\/{rel}","templated":true}]}}