{"id":144878,"date":"2015-10-30T02:21:20","date_gmt":"2015-10-30T01:21:20","guid":{"rendered":"http:\/\/www.fuldaer-nachrichten.de\/?p=144878"},"modified":"2015-10-29T18:25:10","modified_gmt":"2015-10-29T17:25:10","slug":"erfolgreiche-weltpremiere-im-toyota-gt86","status":"publish","type":"post","link":"https:\/\/www.fuldaernachrichten.de\/?p=144878","title":{"rendered":"Erfolgreiche Weltpremiere im Toyota GT86"},"content":{"rendered":"<p>Dieses Jahr war das Heimspiel in Bad F\u00fcssing bei der 3-St\u00e4dte-Rallye von besonderer Bedeutung. Hermann Gassner jr. und Ursula Mayrhofer fuhren die Weltpremiere des nagelneuen Toyota GT 86 CS-R3. Dies ist das erste neu homologierte Rallye Fahrzeug mit Heckantrieb seit mehr als 20 Jahren. Die Eckdaten: 2l-Boxersaugmotor, 232 PS, sequentielles 6-Gang Getriebe und ein speziell entwickeltes Rallye Fahrwerk. \u201eIch muss zugeben ich bin schon etwas aufgeregt, aber gleichzeitig freue ich mich riesig dieses besondere Auto \u00fcber die Pisten zu jagen!\u201c, erz\u00e4hlt Gassner jr. vor den ersten beiden Pr\u00fcfungen. Diese wurden im Dunkeln absolviert und stellten die 114 gestarteten Teilnehmer vor eine besondere Herausforderung. Im Ziel der ersten Etappe herrschte im Service von Gassner Motorsport freudige Stimmung. Hermann: \u201eEs lief gut, wir f\u00fchren in unserer Division und sind in den Top 10 im Gesamtklassement. Ein sch\u00f6ner Auftakt.\u201c<\/p>\n<p>Am Samstag standen noch \u00fcber 100 Wertungspr\u00fcfungskilometer auf dem Zeitplan. Das Wetter spielte mit und die Fans dankten mit zahlreichem Erscheinen. Der GT86, welcher von TMG in K\u00f6ln entwickelt und aufgebaut wurde, wies leider in der Auftaktpr\u00fcfung des zweiten Tages eine kleine Kinderkrankheit auf. \u201eLeider mussten wir anhalten und die Elektronik reseten. Nun l\u00e4uft wieder alles einwandfrei. Solche Kleinigkeiten sind allerdings recht normal bei einem neuen Auto\u201c, berichtet Hermann Gassner jr.<\/p>\n<p>Die restlichen Pr\u00fcfungen liefen ohne Probleme. Man testete<br \/>\nverschiedene Setup-Einstellungen und zeigte mit starke Zeiten auf. Als kleines Highlight konnte man die vierte Gesamtzeit auf WP 8 verzeichnen.<\/p>\n<p>Bei der Zielankunft im Haslinger Hof war die Freude \u00fcber den Divisionssieg und den 9. Gesamtrang gro\u00df. Ohne den unfreiwilligen Steher w\u00e4re sogar eine Top 5 Platzierung m\u00f6glich gewesen. \u201eWir konnten hier zeigen, welches Potential das Auto hat. Auch die Resonanz von Fans und Fahrern war \u00fcberaus positiv. Ich freue mich jetzt schon auf die n\u00e4chsten Eins\u00e4tze mit dem GT 86 und auf die\u00c2\u00a0 HJS R3 Trophy welche auf jeden Fall eine Bereicherung der Rallye Landschaft darstellt!\u201c, strahlte Gassner jr. Beifahrerin Ursula Mayrhofer aus \u00d6sterreich erg\u00e4nzt: \u201eEin besonderer Dank gilt den Mechanikern und Helfern von Gassner Motorsport, sowie an TMG, die das Auto zur Verf\u00fcgung gestellt haben und nat\u00fcrlich an HJS!\u201c<\/p>\n<p>Endstand 3-St\u00e4dte-Rallye 2015, Division 4<br \/>\n1. Gassner jr. \/ Mayrhofer\u00c2\u00a0\u00c2\u00a0 \u00c2\u00a0\u00c2\u00a0\u00c2\u00a0 \u00c2\u00a0Toyota GT86 R3<br \/>\n2. Kreuter \/ Patz\u00c2\u00a0\u00c2\u00a0 \u00c2\u00a0\u00c2\u00a0\u00c2\u00a0 \u00c2\u00a0\u00c2\u00a0\u00c2\u00a0 \u00c2\u00a0\u00c2\u00a0\u00c2\u00a0 \u00c2\u00a0Citroen DS3 R3T\u00c2\u00a0\u00c2\u00a0 \u00c2\u00a0+ 2:26,8 Minuten<br \/>\n3. Seidl \/ Marx\u00c2\u00a0\u00c2\u00a0 \u00c2\u00a0\u00c2\u00a0\u00c2\u00a0 \u00c2\u00a0\u00c2\u00a0\u00c2\u00a0 \u00c2\u00a0\u00c2\u00a0\u00c2\u00a0 \u00c2\u00a0VW Golf \u00c2\u00a0\u00c2\u00a0 \u00c2\u00a0\u00c2\u00a0\u00c2\u00a0 \u00c2\u00a0\u00c2\u00a0\u00c2\u00a0 \u00c2\u00a0+ 2:31,7 Minuten<br \/>\n4. Irlacher \/ Chemnitz\u00c2\u00a0\u00c2\u00a0 \u00c2\u00a0\u00c2\u00a0\u00c2\u00a0 \u00c2\u00a0\u00c2\u00a0\u00c2\u00a0 \u00c2\u00a0Honda Civic R3\u00c2\u00a0\u00c2\u00a0 \u00c2\u00a0\u00c2\u00a0\u00c2\u00a0 \u00c2\u00a0+ 3:12,4 Minuten<br \/>\n5. Bieg \/ Becker\u00c2\u00a0\u00c2\u00a0 \u00c2\u00a0\u00c2\u00a0\u00c2\u00a0 \u00c2\u00a0\u00c2\u00a0\u00c2\u00a0 \u00c2\u00a0\u00c2\u00a0\u00c2\u00a0 \u00c2\u00a0BMW 320\u00c2\u00a0\u00c2\u00a0 \u00c2\u00a0 \u00c2\u00a0\u00c2\u00a0\u00c2\u00a0 \u00c2\u00a0\u00c2\u00a0\u00c2\u00a0 \u00c2\u00a0+ 3:41,0 Minuten<\/p>\n","protected":false},"excerpt":{"rendered":"<div class=\"tmnf_excerpt\"><p>Dieses Jahr war das Heimspiel in Bad F\u00fcssing bei der 3-St\u00e4dte-Rallye von besonderer Bedeutung. Hermann Gassner jr. und Ursula Mayrhofer fuhren die Weltpremiere des nagelneuen Toyota GT 86 CS-R3. Dies ist das erste neu homologierte Rallye Fahrzeug mit Heckantrieb seit mehr als 20 Jahren. Die Eckdaten: 2l-Boxersaugmotor, 232 PS, sequentielles 6-Gang Getriebe und ein speziell &hellip;<\/p>\n<\/div>","protected":false},"author":1,"featured_media":144880,"comment_status":"closed","ping_status":"closed","sticky":false,"template":"","format":"standard","meta":{"footnotes":""},"categories":[35,46],"tags":[],"class_list":["post-144878","post","type-post","status-publish","format-standard","has-post-thumbnail","hentry","category-auto","category-sport"],"_links":{"self":[{"href":"https:\/\/www.fuldaernachrichten.de\/index.php?rest_route=\/wp\/v2\/posts\/144878","targetHints":{"allow":["GET"]}}],"collection":[{"href":"https:\/\/www.fuldaernachrichten.de\/index.php?rest_route=\/wp\/v2\/posts"}],"about":[{"href":"https:\/\/www.fuldaernachrichten.de\/index.php?rest_route=\/wp\/v2\/types\/post"}],"author":[{"embeddable":true,"href":"https:\/\/www.fuldaernachrichten.de\/index.php?rest_route=\/wp\/v2\/users\/1"}],"replies":[{"embeddable":true,"href":"https:\/\/www.fuldaernachrichten.de\/index.php?rest_route=%2Fwp%2Fv2%2Fcomments&post=144878"}],"version-history":[{"count":1,"href":"https:\/\/www.fuldaernachrichten.de\/index.php?rest_route=\/wp\/v2\/posts\/144878\/revisions"}],"predecessor-version":[{"id":144882,"href":"https:\/\/www.fuldaernachrichten.de\/index.php?rest_route=\/wp\/v2\/posts\/144878\/revisions\/144882"}],"wp:featuredmedia":[{"embeddable":true,"href":"https:\/\/www.fuldaernachrichten.de\/index.php?rest_route=\/wp\/v2\/media\/144880"}],"wp:attachment":[{"href":"https:\/\/www.fuldaernachrichten.de\/index.php?rest_route=%2Fwp%2Fv2%2Fmedia&parent=144878"}],"wp:term":[{"taxonomy":"category","embeddable":true,"href":"https:\/\/www.fuldaernachrichten.de\/index.php?rest_route=%2Fwp%2Fv2%2Fcategories&post=144878"},{"taxonomy":"post_tag","embeddable":true,"href":"https:\/\/www.fuldaernachrichten.de\/index.php?rest_route=%2Fwp%2Fv2%2Ftags&post=144878"}],"curies":[{"name":"wp","href":"https:\/\/api.w.org\/{rel}","templated":true}]}}