{"id":144863,"date":"2015-10-29T07:01:16","date_gmt":"2015-10-29T06:01:16","guid":{"rendered":"http:\/\/www.fuldaer-nachrichten.de\/?p=144863"},"modified":"2015-10-29T07:01:16","modified_gmt":"2015-10-29T06:01:16","slug":"diakone-hospitieren-in-caritas-einrichtungen","status":"publish","type":"post","link":"https:\/\/www.fuldaernachrichten.de\/?p=144863","title":{"rendered":"Diakone hospitieren in Caritas-Einrichtungen"},"content":{"rendered":"<p>Im Rahmen ihrer gemeinsamen Ausbildung zum Priester hospitieren neun Diakone aus den Bist\u00fcmern Fulda, Berlin, Dresden-Mei\u00dfen, Erfurt, Magdeburg und Paderborn innerhalb der kommenden Wochen an so genannten Praxistagen in Einrichtungen der Caritas und des Sozialdienstes Katholischer Frauen: Anbieter dieser Praxistage sind zum Beispiel das Antoniusheim, die Bahnhofsmission, das Altenpflegeheim St. Josef und das Hopsiz St. Elisabeth.<\/p>\n<p>&nbsp;<\/p>\n<p>Das Angebot soll es den angehenden Priestern erm\u00f6glichen, die Arbeit der verbandlichen Caritas genauer kennenzulernen und sich intensiv mit Caritas-Themen wie Armut, Alter und Behinderung, Krankheit und Not auseinander zu setzen. Die Hospitanten sollen so sp\u00e4ter im Pfarrdienst besser einsch\u00e4tzen k\u00f6nnen, welche Bereiche sie selbst mit ihrer Pfarrcaritas und Ehrenamtlichen aus der Gemeinde abdecken wollen, und in welchen F\u00e4llen sie mit den professionellen Kr\u00e4ften der verbandlichen Caritas und anderen kirchlichen Hilfsorganisationen zusammen arbeiten k\u00f6nnen.<\/p>\n<p>&nbsp;<\/p>\n<p>Unser Foto entstand bei der Einf\u00fchrungsveranstaltung im Priesterseminar: Armin Schomberg, Caritas-Ressortleiter Soziale Dienste (3. v. li.), und die Referentin f\u00fcr Gemeindecaritas Daniela Manke (3. v. re.) stellten die Struktur der Caritas und die Palette der Hilfsangebote des katholischen Wohlfahrtsverbandes im Bistum Fulda vor.<\/p>\n","protected":false},"excerpt":{"rendered":"<div class=\"tmnf_excerpt\"><p>Im Rahmen ihrer gemeinsamen Ausbildung zum Priester hospitieren neun Diakone aus den Bist\u00fcmern Fulda, Berlin, Dresden-Mei\u00dfen, Erfurt, Magdeburg und Paderborn innerhalb der kommenden Wochen an so genannten Praxistagen in Einrichtungen der Caritas und des Sozialdienstes Katholischer Frauen: Anbieter dieser Praxistage sind zum Beispiel das Antoniusheim, die Bahnhofsmission, das Altenpflegeheim St. Josef und das Hopsiz St. &hellip;<\/p>\n<\/div>","protected":false},"author":1,"featured_media":144866,"comment_status":"closed","ping_status":"closed","sticky":false,"template":"","format":"standard","meta":{"footnotes":""},"categories":[50],"tags":[],"class_list":["post-144863","post","type-post","status-publish","format-standard","has-post-thumbnail","hentry","category-kirche"],"_links":{"self":[{"href":"https:\/\/www.fuldaernachrichten.de\/index.php?rest_route=\/wp\/v2\/posts\/144863","targetHints":{"allow":["GET"]}}],"collection":[{"href":"https:\/\/www.fuldaernachrichten.de\/index.php?rest_route=\/wp\/v2\/posts"}],"about":[{"href":"https:\/\/www.fuldaernachrichten.de\/index.php?rest_route=\/wp\/v2\/types\/post"}],"author":[{"embeddable":true,"href":"https:\/\/www.fuldaernachrichten.de\/index.php?rest_route=\/wp\/v2\/users\/1"}],"replies":[{"embeddable":true,"href":"https:\/\/www.fuldaernachrichten.de\/index.php?rest_route=%2Fwp%2Fv2%2Fcomments&post=144863"}],"version-history":[{"count":1,"href":"https:\/\/www.fuldaernachrichten.de\/index.php?rest_route=\/wp\/v2\/posts\/144863\/revisions"}],"predecessor-version":[{"id":144867,"href":"https:\/\/www.fuldaernachrichten.de\/index.php?rest_route=\/wp\/v2\/posts\/144863\/revisions\/144867"}],"wp:featuredmedia":[{"embeddable":true,"href":"https:\/\/www.fuldaernachrichten.de\/index.php?rest_route=\/wp\/v2\/media\/144866"}],"wp:attachment":[{"href":"https:\/\/www.fuldaernachrichten.de\/index.php?rest_route=%2Fwp%2Fv2%2Fmedia&parent=144863"}],"wp:term":[{"taxonomy":"category","embeddable":true,"href":"https:\/\/www.fuldaernachrichten.de\/index.php?rest_route=%2Fwp%2Fv2%2Fcategories&post=144863"},{"taxonomy":"post_tag","embeddable":true,"href":"https:\/\/www.fuldaernachrichten.de\/index.php?rest_route=%2Fwp%2Fv2%2Ftags&post=144863"}],"curies":[{"name":"wp","href":"https:\/\/api.w.org\/{rel}","templated":true}]}}