{"id":144750,"date":"2015-10-27T05:04:28","date_gmt":"2015-10-27T04:04:28","guid":{"rendered":"http:\/\/www.fuldaer-nachrichten.de\/?p=144750"},"modified":"2015-10-27T05:04:28","modified_gmt":"2015-10-27T04:04:28","slug":"bewegungshuegel-feierlich-eingeweiht","status":"publish","type":"post","link":"https:\/\/www.fuldaernachrichten.de\/?p=144750","title":{"rendered":"Bewegungsh\u00fcgel feierlich eingeweiht"},"content":{"rendered":"<p>Der lang ersehnte Bewegungsh\u00fcgel der st\u00e4dtischen Kindertagesst\u00e4tte Fulda Galerie wurde mit den Kindern feierlich eingeweiht. Passend zum Monat war das Motto \u201eOktoberfest\u201c.<\/p>\n<p>Mit einem z\u00fcnftigen Einmarsch \u00fcber den festlich geschm\u00fcckten H\u00fcgel er\u00f6ffneten die Kinder das Fest. Im Anschluss konnten sich die Kinder, Eltern und G\u00e4ste nach Herzenslust bei vielf\u00e4ltigen Bewegungsspielen rund um den H\u00fcgel austoben oder bei Wei\u00dfwurst und Brezel miteinander ins Gespr\u00e4ch kommen.<\/p>\n<p>Der neue H\u00fcgel ist ein fester Bestandteil des Rahmenkonzeptes des Bewegungskindergartens Fulda Galerie. Er ist etwa 1,80 Meter hoch und begr\u00fcnt. Unter dem H\u00fcgel wurde eine R\u00f6hre angebracht, wo die Kinder durchkriechen k\u00f6nnen. \u201eDie Kinder k\u00f6nnen auf dem Bewegungsh\u00fcgel nicht nur klettern, sondern sich auch verstecken\u201c, erkl\u00e4rt Anke Breidenbach, Leiterin der Kindertagesst\u00e4tte Fulda Galerie.<br \/>\nDie Kosten f\u00fcr die Bauarbeiten, die einen Monat gedauert haben, belaufen sich auf 10 000 Euro.<\/p>\n<p>\u201eUnser Bewegungskindergarten gewinnt dank der neuen Spielm\u00f6glichkeit eine wichtige Erg\u00e4nzung, die besonders f\u00fcr die motorische Entwicklung der Kinder wichtig ist\u201c, sagt Breidenbach.<\/p>\n","protected":false},"excerpt":{"rendered":"<div class=\"tmnf_excerpt\"><p>Der lang ersehnte Bewegungsh\u00fcgel der st\u00e4dtischen Kindertagesst\u00e4tte Fulda Galerie wurde mit den Kindern feierlich eingeweiht. Passend zum Monat war das Motto \u201eOktoberfest\u201c. Mit einem z\u00fcnftigen Einmarsch \u00fcber den festlich geschm\u00fcckten H\u00fcgel er\u00f6ffneten die Kinder das Fest. Im Anschluss konnten sich die Kinder, Eltern und G\u00e4ste nach Herzenslust bei vielf\u00e4ltigen Bewegungsspielen rund um den H\u00fcgel austoben &hellip;<\/p>\n<\/div>","protected":false},"author":1,"featured_media":144757,"comment_status":"closed","ping_status":"closed","sticky":false,"template":"","format":"standard","meta":{"footnotes":""},"categories":[72],"tags":[],"class_list":["post-144750","post","type-post","status-publish","format-standard","has-post-thumbnail","hentry","category-jugend"],"_links":{"self":[{"href":"https:\/\/www.fuldaernachrichten.de\/index.php?rest_route=\/wp\/v2\/posts\/144750","targetHints":{"allow":["GET"]}}],"collection":[{"href":"https:\/\/www.fuldaernachrichten.de\/index.php?rest_route=\/wp\/v2\/posts"}],"about":[{"href":"https:\/\/www.fuldaernachrichten.de\/index.php?rest_route=\/wp\/v2\/types\/post"}],"author":[{"embeddable":true,"href":"https:\/\/www.fuldaernachrichten.de\/index.php?rest_route=\/wp\/v2\/users\/1"}],"replies":[{"embeddable":true,"href":"https:\/\/www.fuldaernachrichten.de\/index.php?rest_route=%2Fwp%2Fv2%2Fcomments&post=144750"}],"version-history":[{"count":1,"href":"https:\/\/www.fuldaernachrichten.de\/index.php?rest_route=\/wp\/v2\/posts\/144750\/revisions"}],"predecessor-version":[{"id":144759,"href":"https:\/\/www.fuldaernachrichten.de\/index.php?rest_route=\/wp\/v2\/posts\/144750\/revisions\/144759"}],"wp:featuredmedia":[{"embeddable":true,"href":"https:\/\/www.fuldaernachrichten.de\/index.php?rest_route=\/wp\/v2\/media\/144757"}],"wp:attachment":[{"href":"https:\/\/www.fuldaernachrichten.de\/index.php?rest_route=%2Fwp%2Fv2%2Fmedia&parent=144750"}],"wp:term":[{"taxonomy":"category","embeddable":true,"href":"https:\/\/www.fuldaernachrichten.de\/index.php?rest_route=%2Fwp%2Fv2%2Fcategories&post=144750"},{"taxonomy":"post_tag","embeddable":true,"href":"https:\/\/www.fuldaernachrichten.de\/index.php?rest_route=%2Fwp%2Fv2%2Ftags&post=144750"}],"curies":[{"name":"wp","href":"https:\/\/api.w.org\/{rel}","templated":true}]}}