{"id":144743,"date":"2015-10-27T05:01:54","date_gmt":"2015-10-27T04:01:54","guid":{"rendered":"http:\/\/www.fuldaer-nachrichten.de\/?p=144743"},"modified":"2015-10-27T05:01:54","modified_gmt":"2015-10-27T04:01:54","slug":"landkreis-fulda-bereitet-sich-auf-die-notfallmaessige-unterbringung-von-bis-zu-1-000-fluechtlingen-vor","status":"publish","type":"post","link":"https:\/\/www.fuldaernachrichten.de\/?p=144743","title":{"rendered":"Landkreis Fulda bereitet sich auf die notfallm\u00e4\u00dfige Unterbringung von bis zu 1.000 Fl\u00fcchtlingen vor"},"content":{"rendered":"<p><strong>Im Landkreis Fulda laufen gegenw\u00e4rtig die administrativen Vorbereitungen, um bis zu 1.000 Fl\u00fcchtlinge, die den Kreisen vom Land Hessen im Rahmen einer Notfallbetreuung zugewiesen werden, unterzubringen. <\/strong><\/p>\n<p>&nbsp;<\/p>\n<p>Landrat Woide geht davon aus, dass der Landkreis Fulda mit an Sicherheit grenzender Wahrscheinlichkeit in den n\u00e4chsten Wochen, wie auch schon viele andere hessische Landkreise, vom Land Hessen zu dieser Aufgabe herangezogen wird.<\/p>\n<p>\u201eWir wollen alles tun, um diese Fl\u00fcchtlinge in gegenw\u00e4rtig nicht genutzten Geb\u00e4uden unterzubringen. Es ist nicht beabsichtigt, Turnhallen oder \u00f6rtliche Dorfgemeinschaftsh\u00e4user zu belegen, da dadurch der Schul- und Vereinssport beziehungsweise das \u00f6rtliche Vereins- und Gemeinschaftsleben nachhaltig beeintr\u00e4chtigt w\u00fcrden\u201c, so Landrat Woide.<\/p>\n<p>&nbsp;<\/p>\n<p>Zu den ins Auge gefassten Immobilien z\u00e4hlt auch der ehemalige REWE-Markt in Gro\u00dfenl\u00fcder, der vom Landkreis Fulda zum Zweck der Fl\u00fcchtlingsunterbringung aktuell angemietet wird und bei dem bauliche Vorbereitungsma\u00dfnahmen zur Aufnahme von bis zu 250 Fl\u00fcchtlingen laufen.<\/p>\n<p>&nbsp;<\/p>\n<p>Sobald die Unterbringungsaufforderung seitens des Landes Hessen an den Landkreis Fulda ergeht, werden vor Ort Informationsveranstaltungen durchgef\u00fchrt, bei denen konkrete Informationen zur Unterbringung, Betreuung und zum geplanten Sicherheitskonzept gegeben werden.<\/p>\n","protected":false},"excerpt":{"rendered":"<div class=\"tmnf_excerpt\"><p>Im Landkreis Fulda laufen gegenw\u00e4rtig die administrativen Vorbereitungen, um bis zu 1.000 Fl\u00fcchtlinge, die den Kreisen vom Land Hessen im Rahmen einer Notfallbetreuung zugewiesen werden, unterzubringen. &nbsp; Landrat Woide geht davon aus, dass der Landkreis Fulda mit an Sicherheit grenzender Wahrscheinlichkeit in den n\u00e4chsten Wochen, wie auch schon viele andere hessische Landkreise, vom Land Hessen &hellip;<\/p>\n<\/div>","protected":false},"author":1,"featured_media":0,"comment_status":"closed","ping_status":"closed","sticky":false,"template":"","format":"standard","meta":{"footnotes":""},"categories":[29],"tags":[],"class_list":["post-144743","post","type-post","status-publish","format-standard","hentry","category-politik"],"_links":{"self":[{"href":"https:\/\/www.fuldaernachrichten.de\/index.php?rest_route=\/wp\/v2\/posts\/144743","targetHints":{"allow":["GET"]}}],"collection":[{"href":"https:\/\/www.fuldaernachrichten.de\/index.php?rest_route=\/wp\/v2\/posts"}],"about":[{"href":"https:\/\/www.fuldaernachrichten.de\/index.php?rest_route=\/wp\/v2\/types\/post"}],"author":[{"embeddable":true,"href":"https:\/\/www.fuldaernachrichten.de\/index.php?rest_route=\/wp\/v2\/users\/1"}],"replies":[{"embeddable":true,"href":"https:\/\/www.fuldaernachrichten.de\/index.php?rest_route=%2Fwp%2Fv2%2Fcomments&post=144743"}],"version-history":[{"count":1,"href":"https:\/\/www.fuldaernachrichten.de\/index.php?rest_route=\/wp\/v2\/posts\/144743\/revisions"}],"predecessor-version":[{"id":144751,"href":"https:\/\/www.fuldaernachrichten.de\/index.php?rest_route=\/wp\/v2\/posts\/144743\/revisions\/144751"}],"wp:attachment":[{"href":"https:\/\/www.fuldaernachrichten.de\/index.php?rest_route=%2Fwp%2Fv2%2Fmedia&parent=144743"}],"wp:term":[{"taxonomy":"category","embeddable":true,"href":"https:\/\/www.fuldaernachrichten.de\/index.php?rest_route=%2Fwp%2Fv2%2Fcategories&post=144743"},{"taxonomy":"post_tag","embeddable":true,"href":"https:\/\/www.fuldaernachrichten.de\/index.php?rest_route=%2Fwp%2Fv2%2Ftags&post=144743"}],"curies":[{"name":"wp","href":"https:\/\/api.w.org\/{rel}","templated":true}]}}