{"id":144710,"date":"2015-10-27T04:55:17","date_gmt":"2015-10-27T03:55:17","guid":{"rendered":"http:\/\/www.fuldaer-nachrichten.de\/?p=144710"},"modified":"2015-10-27T04:55:17","modified_gmt":"2015-10-27T03:55:17","slug":"ausbildung-dient-qualitaetssicherung","status":"publish","type":"post","link":"https:\/\/www.fuldaernachrichten.de\/?p=144710","title":{"rendered":"Ausbildung dient Qualit\u00e4tssicherung"},"content":{"rendered":"<p>Freude f\u00fcr 23 Altenpfleger\/innen und 11 Altenpflegehelfer\/innen: Sie haben ihre Examen erfolgreich absolviert und konnten nun vom Schulleiter der Vogelsberger Pflegeakademie, Herrn Thomas M\u00fcller, Gl\u00fcckw\u00fcnsche entgegennehmen. Der Kreisbeigeordnete Herr Zielinski gratulierte ebenfalls und w\u00fcnschte den Absolventen viel Erfolg, Freude und Erf\u00fcllung im neuen Beruf.<\/p>\n<p>Nach der dreij\u00e4hrigen Ausbildung haben Sch\u00fcler des bereits 39. Kurses zum staatlich anerkannten Altenpfleger die Zukunft fest im Blick: Der Bedarf nach Pflegefachkr\u00e4ften ist hoch und steigt weiter. Im Rahmen ihrer Ausbildung, die 2200 Stunden theoretischen Un-terricht und mindestens 2500 Stunden im praktischen Einsatz um-fasst, f\u00fchrten die Sch\u00fcler auch Praktika in den Bereichen Psycholo-gie und Gerontologie durch. 11 Sch\u00fclerinnen und Sch\u00fcler haben an der Pr\u00fcfung im Rahmen der einj\u00e4hrigen Ausbildung zum Al-tenpflegehehelfer teilgenommen und damit 700 Stunden Theorie und 900 Stunden Praxis absolviert.<br \/>\nDass die Ausbildung der Qualit\u00e4tssicherung diene, sich nach den beruflichen Handlungsfeldern orientiere, die Vermittlung der Fach- und Methodenkompetenz vermittle sowie der Sozial- und Pers\u00f6n-lichkeitskompetenz, die f\u00fcr eine verantwortliche, professionelle Pflege erforderlich sei, hob der Schulleiter hervor.<\/p>\n<p>Elisabeth Flegar und Marco Schwarz bedankten sich als Klassenlei-terIn der beiden Kurse f\u00fcr die gute und fruchtbare Zusammenar-beit. Es gab nicht nur H\u00f6hen w\u00e4hrend der Ausbildung sondern auch die ein oder andere Tiefe, die gemeinsam bew\u00e4ltigt wurde. Frau Flegar verabschiedete sich mit einer Darbietung zu den M\u00f6g-lichkeiten der Kinaesthetic, eine Methode, die die noch vorhan-denen Bewegungspotenziale von Patienten geschickt mobilisiert. Herr Goldbach und sein Kurs 40 \u00fcberraschten mit einem Lied an der Gitarre sowie thematisch geschickt platzierten Rollenspielen.<\/p>\n<p>Weitere Informationen zur Altenpflegeschule gibt es unter 06631\/1320 oder www.vogelsberger-pflegeakademie.de<\/p>\n","protected":false},"excerpt":{"rendered":"<div class=\"tmnf_excerpt\"><p>Freude f\u00fcr 23 Altenpfleger\/innen und 11 Altenpflegehelfer\/innen: Sie haben ihre Examen erfolgreich absolviert und konnten nun vom Schulleiter der Vogelsberger Pflegeakademie, Herrn Thomas M\u00fcller, Gl\u00fcckw\u00fcnsche entgegennehmen. Der Kreisbeigeordnete Herr Zielinski gratulierte ebenfalls und w\u00fcnschte den Absolventen viel Erfolg, Freude und Erf\u00fcllung im neuen Beruf. Nach der dreij\u00e4hrigen Ausbildung haben Sch\u00fcler des bereits 39. Kurses zum &hellip;<\/p>\n<\/div>","protected":false},"author":1,"featured_media":0,"comment_status":"closed","ping_status":"closed","sticky":false,"template":"","format":"standard","meta":{"footnotes":""},"categories":[1],"tags":[],"class_list":["post-144710","post","type-post","status-publish","format-standard","hentry","category-startseite"],"_links":{"self":[{"href":"https:\/\/www.fuldaernachrichten.de\/index.php?rest_route=\/wp\/v2\/posts\/144710","targetHints":{"allow":["GET"]}}],"collection":[{"href":"https:\/\/www.fuldaernachrichten.de\/index.php?rest_route=\/wp\/v2\/posts"}],"about":[{"href":"https:\/\/www.fuldaernachrichten.de\/index.php?rest_route=\/wp\/v2\/types\/post"}],"author":[{"embeddable":true,"href":"https:\/\/www.fuldaernachrichten.de\/index.php?rest_route=\/wp\/v2\/users\/1"}],"replies":[{"embeddable":true,"href":"https:\/\/www.fuldaernachrichten.de\/index.php?rest_route=%2Fwp%2Fv2%2Fcomments&post=144710"}],"version-history":[{"count":1,"href":"https:\/\/www.fuldaernachrichten.de\/index.php?rest_route=\/wp\/v2\/posts\/144710\/revisions"}],"predecessor-version":[{"id":144735,"href":"https:\/\/www.fuldaernachrichten.de\/index.php?rest_route=\/wp\/v2\/posts\/144710\/revisions\/144735"}],"wp:attachment":[{"href":"https:\/\/www.fuldaernachrichten.de\/index.php?rest_route=%2Fwp%2Fv2%2Fmedia&parent=144710"}],"wp:term":[{"taxonomy":"category","embeddable":true,"href":"https:\/\/www.fuldaernachrichten.de\/index.php?rest_route=%2Fwp%2Fv2%2Fcategories&post=144710"},{"taxonomy":"post_tag","embeddable":true,"href":"https:\/\/www.fuldaernachrichten.de\/index.php?rest_route=%2Fwp%2Fv2%2Ftags&post=144710"}],"curies":[{"name":"wp","href":"https:\/\/api.w.org\/{rel}","templated":true}]}}