{"id":144668,"date":"2015-10-24T22:14:06","date_gmt":"2015-10-24T20:14:06","guid":{"rendered":"http:\/\/www.fuldaer-nachrichten.de\/?p=144668"},"modified":"2015-10-24T22:14:06","modified_gmt":"2015-10-24T20:14:06","slug":"wichtiger-beitrag-zum-nachdenken-ueber-das-zusammenleben-der-generationen","status":"publish","type":"post","link":"https:\/\/www.fuldaernachrichten.de\/?p=144668","title":{"rendered":"Wichtiger Beitrag zum Nachdenken \u00fcber das Zusammenleben der Generationen"},"content":{"rendered":"<p><a href=\"http:\/\/www.fuldaer-nachrichten.de\/wp-content\/uploads\/2015\/10\/zu-81-cs_Buchpr\u00e4sentation_Herausgebergruppe_CS_211015_IMG_9372.jpg\"><img fetchpriority=\"high\" decoding=\"async\" class=\"alignleft size-thumbnail wp-image-144675\" src=\"http:\/\/www.fuldaer-nachrichten.de\/wp-content\/uploads\/2015\/10\/zu-81-cs_Buchpr\u00e4sentation_Herausgebergruppe_CS_211015_IMG_9372-265x216.jpg\" alt=\"zu 81-cs_Buchpr\u00e4sentation_Herausgebergruppe_CS_211015_IMG_9372\" width=\"265\" height=\"216\" \/><\/a>Mit einer Laudatio von Caritas-Pr\u00e4sident Dr. Peter Neher wurde im Bonifatiushaus das Buch \u201eMenschenrechte und Alter. Ein sozialpolitischer und gesellschaftlicher Diskurs\u201c der \u00d6ffentlichkeit vorgestellt. Das Buch, herausgegeben vom Direktor des Bonifatiushauses Gunter Geiger, Di\u00f6zesan-Caritasdirektor Dr. Markus Juch und weiteren Vertretern aus Bonifatiushaus und Caritasverband entstand durch Zusammenfassung der Beitr\u00e4ge einer Ringvorlesung 2014\/15, die sich mit den unterschiedlichen Herausforderungen an die \u00e4lter werdende Gesellschaft auseinandersetzen: Teileweise fachlich sehr bekannte und wichtige Referenten aus Hochschulen und anderen Institutionen sprachen bei so genannten Akademieabenden u. a. \u00fcber Aspekte wie Alt-Sein aus christlicher Sicht, Demenz und Menschenw\u00fcrde, Kultur- und migrationssensible Umgangsfragen sowie \u00fcber das Altenheim als Lernort f\u00fcr Menschenw\u00fcrde.<\/p>\n<p>Caritas-Pr\u00e4sident Neher, der ein Geleitwort zum Buch lieferte, gratulierte den Herausgebern, dieses aus seiner Sicht wichtige Thema besetzt und bearbeitet zu haben: Die Beitr\u00e4ge im Buch betr\u00e4fen relevante Aspekte des Zusammenlebens der Generationen und b\u00f6ten somit jedem Leser viele wesentliche Anregungen zum Weiterdenken.<\/p>\n<p>Weitere Wortbeitr\u00e4ge kamen von Juch und Geiger, die auf die Kooperation zwischen Caritas und Bonifatiushaus sowie auf die Entstehung der Idee f\u00fcr die Vorlesungsreihe im Herbst 2014 eingingen, sowie von Verlegerin Barbara Budrich, die das Verlagskonzept und die Einbettung des Buches in dieses Verlagsprogramm des Budrich-Verlags kurz darlegte. Das Buch \u201eMenschenrechte und Alter\u201c ist im Buchhandel erh\u00e4ltlich und kostet 34,90 Euro.<\/p>\n","protected":false},"excerpt":{"rendered":"<div class=\"tmnf_excerpt\"><p>Mit einer Laudatio von Caritas-Pr\u00e4sident Dr. Peter Neher wurde im Bonifatiushaus das Buch \u201eMenschenrechte und Alter. Ein sozialpolitischer und gesellschaftlicher Diskurs\u201c der \u00d6ffentlichkeit vorgestellt. Das Buch, herausgegeben vom Direktor des Bonifatiushauses Gunter Geiger, Di\u00f6zesan-Caritasdirektor Dr. Markus Juch und weiteren Vertretern aus Bonifatiushaus und Caritasverband entstand durch Zusammenfassung der Beitr\u00e4ge einer Ringvorlesung 2014\/15, die sich mit &hellip;<\/p>\n<\/div>","protected":false},"author":1,"featured_media":144674,"comment_status":"closed","ping_status":"closed","sticky":false,"template":"","format":"standard","meta":{"footnotes":""},"categories":[1],"tags":[],"class_list":["post-144668","post","type-post","status-publish","format-standard","has-post-thumbnail","hentry","category-startseite"],"_links":{"self":[{"href":"https:\/\/www.fuldaernachrichten.de\/index.php?rest_route=\/wp\/v2\/posts\/144668","targetHints":{"allow":["GET"]}}],"collection":[{"href":"https:\/\/www.fuldaernachrichten.de\/index.php?rest_route=\/wp\/v2\/posts"}],"about":[{"href":"https:\/\/www.fuldaernachrichten.de\/index.php?rest_route=\/wp\/v2\/types\/post"}],"author":[{"embeddable":true,"href":"https:\/\/www.fuldaernachrichten.de\/index.php?rest_route=\/wp\/v2\/users\/1"}],"replies":[{"embeddable":true,"href":"https:\/\/www.fuldaernachrichten.de\/index.php?rest_route=%2Fwp%2Fv2%2Fcomments&post=144668"}],"version-history":[{"count":1,"href":"https:\/\/www.fuldaernachrichten.de\/index.php?rest_route=\/wp\/v2\/posts\/144668\/revisions"}],"predecessor-version":[{"id":144676,"href":"https:\/\/www.fuldaernachrichten.de\/index.php?rest_route=\/wp\/v2\/posts\/144668\/revisions\/144676"}],"wp:featuredmedia":[{"embeddable":true,"href":"https:\/\/www.fuldaernachrichten.de\/index.php?rest_route=\/wp\/v2\/media\/144674"}],"wp:attachment":[{"href":"https:\/\/www.fuldaernachrichten.de\/index.php?rest_route=%2Fwp%2Fv2%2Fmedia&parent=144668"}],"wp:term":[{"taxonomy":"category","embeddable":true,"href":"https:\/\/www.fuldaernachrichten.de\/index.php?rest_route=%2Fwp%2Fv2%2Fcategories&post=144668"},{"taxonomy":"post_tag","embeddable":true,"href":"https:\/\/www.fuldaernachrichten.de\/index.php?rest_route=%2Fwp%2Fv2%2Ftags&post=144668"}],"curies":[{"name":"wp","href":"https:\/\/api.w.org\/{rel}","templated":true}]}}