{"id":144655,"date":"2015-10-24T22:12:29","date_gmt":"2015-10-24T20:12:29","guid":{"rendered":"http:\/\/www.fuldaer-nachrichten.de\/?p=144655"},"modified":"2015-10-24T22:12:29","modified_gmt":"2015-10-24T20:12:29","slug":"helios-aerzte-im-einsatz-fuer-fluechtlinge","status":"publish","type":"post","link":"https:\/\/www.fuldaernachrichten.de\/?p=144655","title":{"rendered":"HELIOS-\u00c4rzte im Einsatz f\u00fcr Fl\u00fcchtlinge"},"content":{"rendered":"<p>\u00c4rzte der HELIOS St. Elisabeth Klinik H\u00fcnfeld leisten seit Anfang September ehrenamtliche Hilfe zur medizinischen Versorgung von Fl\u00fcchtlingen im Erstaufnahmelager Fulda. <\/p>\n<p>Verst\u00e4ndigungsprobleme hat die \u00c4rztin im normalen Arbeitsalltag selten. In der Unterkunft muss sie mit einem Dolmetscher arbeiten. Einige ihrer Kollegen aus H\u00fcnfeld haben es da einfacher, sie kommen selbst aus Syrien, dem Libanon, Griechenland und Kolumbien und sprechen oft die Sprache der Fl\u00fcchtlinge. Assistenz\u00e4rztin Isabel Stelzer und viele ihrer Kollegen aus der HELIOS St. Elisabeth Klinik H\u00fcnfeld leisten in der Fuldaer Zeltstadt ehrenamtlichen Dienst zur medizinischen Versorgung der Fl\u00fcchtlinge. Unter der Koordination von Jan Garlepp, Kreisverbandsarzt des DRK Kreisverband Fulda, f\u00fchren sie gemeinsam mit Kollegen die Erstuntersuchung nach der Ankunft durch und bieten regelm\u00e4\u00dfige \u00e4rztliche Sprechstunden an.<\/p>\n<p>Den Anfang machte kurz nach der Einrichtung der Zeltstadt Dr. med. Arnulf G\u00f6bel, \u00c4rztlicher Direktor und Chefarzt f\u00fcr An\u00e4sthesie und Intensivmedizin an der H\u00fcnfelder Klinik. Es folgten  Sandra Beres, Chef\u00e4rztin der Inneren Medizin und alle Kollegen  aus ihrem Team. \u201eF\u00fcr uns ist es angesichts der Not und der sozialen Verantwortung diesen Menschen gegen\u00fcber selbstverst\u00e4ndlich, dass dort einige unserer Mediziner im Einsatz sind. Lobenswerterweise haben sich die \u00e4rztlichen Kollegen freiwillig f\u00fcr diese Arbeit au\u00dferhalb ihrer Dienstzeiten bereiterkl\u00e4rt\u201c, sagte Klinikgesch\u00e4ftsf\u00fchrerin Sandra Henek. \u201eWir untersuchen die Fl\u00fcchtlinge auf m\u00f6gliche Lungenerkrankungen und andere ansteckende Krankheiten. Solche Befunde sind selten, aber viele Menschen haben durch die lange Reise Infekte oder Schw\u00e4che oder sind ausgetrocknet\u201c, sagt Stelzer. \u201eIhre Schicksale gehen nicht spurlos an uns vor\u00fcber. Wir sehen hier alles: M\u00fctter, die auf der Flucht Kinder verloren haben, junge M\u00e4nner mit Verletzungen durch Bombensplitter oder einfach auch ganz banale Befunde, wie wir sie in jeder Hausarztpraxis oder im Krankenhaus sehen.\u201c Abdullah Al Faqeh, Assistenzarzt in der H\u00fcnfelder Klinik, kam vor 8 Jahren selbst aus dem Jemen nach Deutschland: \u201eIch kann die Situation der Fl\u00fcchtlinge nachvollziehen und spreche die gleiche Sprache. Das macht vieles einfacher. Gemeinsam mit meinen Kollegen freue ich mich, dass wir auf diese Weise helfen k\u00f6nnen.\u201c  <\/p>\n","protected":false},"excerpt":{"rendered":"<div class=\"tmnf_excerpt\"><p>\u00c4rzte der HELIOS St. Elisabeth Klinik H\u00fcnfeld leisten seit Anfang September ehrenamtliche Hilfe zur medizinischen Versorgung von Fl\u00fcchtlingen im Erstaufnahmelager Fulda. Verst\u00e4ndigungsprobleme hat die \u00c4rztin im normalen Arbeitsalltag selten. In der Unterkunft muss sie mit einem Dolmetscher arbeiten. Einige ihrer Kollegen aus H\u00fcnfeld haben es da einfacher, sie kommen selbst aus Syrien, dem Libanon, Griechenland &hellip;<\/p>\n<\/div>","protected":false},"author":1,"featured_media":144666,"comment_status":"closed","ping_status":"closed","sticky":false,"template":"","format":"standard","meta":{"footnotes":""},"categories":[51],"tags":[],"class_list":["post-144655","post","type-post","status-publish","format-standard","has-post-thumbnail","hentry","category-medizin"],"_links":{"self":[{"href":"https:\/\/www.fuldaernachrichten.de\/index.php?rest_route=\/wp\/v2\/posts\/144655","targetHints":{"allow":["GET"]}}],"collection":[{"href":"https:\/\/www.fuldaernachrichten.de\/index.php?rest_route=\/wp\/v2\/posts"}],"about":[{"href":"https:\/\/www.fuldaernachrichten.de\/index.php?rest_route=\/wp\/v2\/types\/post"}],"author":[{"embeddable":true,"href":"https:\/\/www.fuldaernachrichten.de\/index.php?rest_route=\/wp\/v2\/users\/1"}],"replies":[{"embeddable":true,"href":"https:\/\/www.fuldaernachrichten.de\/index.php?rest_route=%2Fwp%2Fv2%2Fcomments&post=144655"}],"version-history":[{"count":1,"href":"https:\/\/www.fuldaernachrichten.de\/index.php?rest_route=\/wp\/v2\/posts\/144655\/revisions"}],"predecessor-version":[{"id":144669,"href":"https:\/\/www.fuldaernachrichten.de\/index.php?rest_route=\/wp\/v2\/posts\/144655\/revisions\/144669"}],"wp:featuredmedia":[{"embeddable":true,"href":"https:\/\/www.fuldaernachrichten.de\/index.php?rest_route=\/wp\/v2\/media\/144666"}],"wp:attachment":[{"href":"https:\/\/www.fuldaernachrichten.de\/index.php?rest_route=%2Fwp%2Fv2%2Fmedia&parent=144655"}],"wp:term":[{"taxonomy":"category","embeddable":true,"href":"https:\/\/www.fuldaernachrichten.de\/index.php?rest_route=%2Fwp%2Fv2%2Fcategories&post=144655"},{"taxonomy":"post_tag","embeddable":true,"href":"https:\/\/www.fuldaernachrichten.de\/index.php?rest_route=%2Fwp%2Fv2%2Ftags&post=144655"}],"curies":[{"name":"wp","href":"https:\/\/api.w.org\/{rel}","templated":true}]}}