{"id":144579,"date":"2015-10-21T11:37:27","date_gmt":"2015-10-21T09:37:27","guid":{"rendered":"http:\/\/www.fuldaer-nachrichten.de\/?p=144579"},"modified":"2015-10-21T11:37:27","modified_gmt":"2015-10-21T09:37:27","slug":"die-sprache-ist-der-schluessel-zur-integration","status":"publish","type":"post","link":"https:\/\/www.fuldaernachrichten.de\/?p=144579","title":{"rendered":"\u201eDie Sprache ist der Schl\u00fcssel zur Integration\u201c"},"content":{"rendered":"<p>Im Zuge der Fl\u00fcchtlingsbetreuung finanziert die Caritas im Bistum Fulda im laufenden Jahr 2015 rund 20 so genannte Erg\u00e4nzungssprachkurse in einem Umfang von je 50 Stunden, mit denen Fl\u00fcchtlinge nach Absolvierung ihrer Grundkurse weitere Sprachfertigkeit aufbauen k\u00f6nnen. Das Kosten-Volumen dieser von der Caritas gesponserten Sprachkurse  umfasst rund 10.000 Euro, die Durchf\u00fchrung \u2013 je nach Bedarf in Stadt und Landkreis Fulda \u2013 obliegt der Kreis-Volkshochschule als Partner des katholischen Wohlfahrtsverbandes.<\/p>\n<p>Um sich ein Bild \u00fcber die Wirkung der Sprachkurse und den Fortschritt dieser Form von Fl\u00fcchtlingshilfe zu machen, besuchte Di\u00f6zesan-Caritasdirektor Dr. Markus Juch gemeinsam mit dem Caritas-Fl\u00fcchtlingsbeauftragten Franz Meyer den derzeit laufenden Sprachkurs in Weyhers in der Rh\u00f6n. Mit dabei waren auch Vertreterinnen der \u00f6rtlichen Fl\u00fcchtlingsunterkunft, von der die Kursteilnehmerinnen und Kursteilnehmer stammen, sowie der Volkshochschule. Dozentin Andrea Seifert hatte sich mit den Sch\u00fclerinnen und Sch\u00fclern auf den Besuch aus Fulda vorbereitet: Jeder Sch\u00fcler stellte sich mit Namen und Nationalit\u00e4t vor und berichtete \u00fcber die eigene Familie, \u00fcber Beruf und Hobbies \u2013 alles in deutscher Sprache. Auf dem regul\u00e4ren Kursprogramm standen dann anschlie\u00dfend die Artikelformen bei Dativ und Akkusativ\u00e2\u20ac\u00a6<\/p>\n<p>Caritasdirektor Juch zeigte sich erfreut von den sprachlichen Leistungen und dem gro\u00dfen Enthusiasmus der Kursteilnehmerinnen und Kursteilnehmer, die u. a. aus Pakistan, \u00c4thiopien, Eritrea und Albanien stammen. \u201eEs ist uns bei der Caritas ein gro\u00dfes Anliegen, dass alle Fl\u00fcchtlinge rasch die deutsche Sprache lernen\u201c, erkl\u00e4rte er. \u201eDenn nur wer sich verst\u00e4ndlich machen,  und wer verstehen kann, ist in der Lage wirklich Fu\u00df zu fassen und sich zu integrieren. Die Caritas wird daher die Kooperation mit der Volkhochschule auch 2016 fortsetzen und weitere Sprachkurse erm\u00f6glichen. Dass die notwendigen finanziellen Mittel dazu bereit stehen, daf\u00fcr haben wir die Zusage unseres Bischofs!\u201c<\/p>\n<p>Gemeinsam mit den Vertreterinnen der Volkshochschule \u00fcberreichte Juch abschlie\u00dfend allen Sprachsch\u00fclerinnen und -sch\u00fclern als Geschenk ein Sprachlernbuch, in dem jeder die deutschen Begriffe in seiner Landessprache benennen und sich damit ein individuelles W\u00f6rterbuch schaffen kann.   <\/p>\n","protected":false},"excerpt":{"rendered":"<div class=\"tmnf_excerpt\"><p>Im Zuge der Fl\u00fcchtlingsbetreuung finanziert die Caritas im Bistum Fulda im laufenden Jahr 2015 rund 20 so genannte Erg\u00e4nzungssprachkurse in einem Umfang von je 50 Stunden, mit denen Fl\u00fcchtlinge nach Absolvierung ihrer Grundkurse weitere Sprachfertigkeit aufbauen k\u00f6nnen. Das Kosten-Volumen dieser von der Caritas gesponserten Sprachkurse umfasst rund 10.000 Euro, die Durchf\u00fchrung \u2013 je nach Bedarf &hellip;<\/p>\n<\/div>","protected":false},"author":1,"featured_media":144580,"comment_status":"closed","ping_status":"closed","sticky":false,"template":"","format":"standard","meta":{"footnotes":""},"categories":[1],"tags":[],"class_list":["post-144579","post","type-post","status-publish","format-standard","has-post-thumbnail","hentry","category-startseite"],"_links":{"self":[{"href":"https:\/\/www.fuldaernachrichten.de\/index.php?rest_route=\/wp\/v2\/posts\/144579","targetHints":{"allow":["GET"]}}],"collection":[{"href":"https:\/\/www.fuldaernachrichten.de\/index.php?rest_route=\/wp\/v2\/posts"}],"about":[{"href":"https:\/\/www.fuldaernachrichten.de\/index.php?rest_route=\/wp\/v2\/types\/post"}],"author":[{"embeddable":true,"href":"https:\/\/www.fuldaernachrichten.de\/index.php?rest_route=\/wp\/v2\/users\/1"}],"replies":[{"embeddable":true,"href":"https:\/\/www.fuldaernachrichten.de\/index.php?rest_route=%2Fwp%2Fv2%2Fcomments&post=144579"}],"version-history":[{"count":1,"href":"https:\/\/www.fuldaernachrichten.de\/index.php?rest_route=\/wp\/v2\/posts\/144579\/revisions"}],"predecessor-version":[{"id":144581,"href":"https:\/\/www.fuldaernachrichten.de\/index.php?rest_route=\/wp\/v2\/posts\/144579\/revisions\/144581"}],"wp:featuredmedia":[{"embeddable":true,"href":"https:\/\/www.fuldaernachrichten.de\/index.php?rest_route=\/wp\/v2\/media\/144580"}],"wp:attachment":[{"href":"https:\/\/www.fuldaernachrichten.de\/index.php?rest_route=%2Fwp%2Fv2%2Fmedia&parent=144579"}],"wp:term":[{"taxonomy":"category","embeddable":true,"href":"https:\/\/www.fuldaernachrichten.de\/index.php?rest_route=%2Fwp%2Fv2%2Fcategories&post=144579"},{"taxonomy":"post_tag","embeddable":true,"href":"https:\/\/www.fuldaernachrichten.de\/index.php?rest_route=%2Fwp%2Fv2%2Ftags&post=144579"}],"curies":[{"name":"wp","href":"https:\/\/api.w.org\/{rel}","templated":true}]}}