{"id":144577,"date":"2015-10-21T11:35:50","date_gmt":"2015-10-21T09:35:50","guid":{"rendered":"http:\/\/www.fuldaer-nachrichten.de\/?p=144577"},"modified":"2015-10-21T11:35:50","modified_gmt":"2015-10-21T09:35:50","slug":"bonsai-bundesausstellung-2015-kommt-nach-kuenzell","status":"publish","type":"post","link":"https:\/\/www.fuldaernachrichten.de\/?p=144577","title":{"rendered":"Bonsai Bundesausstellung 2015 kommt nach K\u00fcnzell"},"content":{"rendered":"<p>Am 31.10.2015 und 01.11.2015 findet im Gemeindezentrum K\u00fcnzell die Bundesaustellung des Bonsai Club Deutschland e.V. (BCD) statt. Erwartet werden mehrere tausend Besucher aus dem In- und Ausland. F\u00fcr die Er\u00f6ffnungsfeier am 31.10. um 9:30Uhr hat sich neben G\u00e4sten aus der Politik, auch der japanische Generalkonsul Takeshi Kamiyama angek\u00fcndigt.\u00e2\u20ac\u00a8Neben der Ausstellung, bei der die eindrucksvollsten Bonsai des Bundesgebiets zu sehen sind, erwartet die Besucher eine gro\u00dfe Verkaufsb\u00f6rse mit internationalen H\u00e4ndlern. Hier wird es ein breites Angebot rund um das \u201esch\u00f6nste Hobby der Welt\u201c geben.<\/p>\n<p>Ein weiteres Highlight erwartet die Besucher auf der B\u00fchne des Gemeindezentrums, hier werden bekannte, aber auch aufstrebende Gestalter der Szene in einer \u201eBonsai-Show\u201c ihr K\u00f6nnen unter Beweis stellen. Als weitere Programmpunkte sind unter anderem der &#8220;Neue Talent Wettbewerb&#8221; des BCD und Vortr\u00e4ge rund um das Thema Bonsai geplant.<\/p>\n<p>Bonsai ist eine japanische Kunstform deren Urspr\u00fcnge bis ins 12 Jahrhundert zur\u00fcckgehen. Die k\u00fcnstlerische Gestaltung orientiert daran, ein Abbild eines \u201egro\u00dfen Baumes\u201c in der Natur nach zu ahmen. Bonsai bedeutet \u00fcbersetzt \u201eBaum in einer Schale\u201c. <\/p>\n<p>Zus\u00e4tzlich, zu den Bonsai B\u00e4umen wird die Deutsche Suiseki-Gesellschaft einige ihrer sch\u00f6nsten Betrachtungssteine pr\u00e4sentieren. Suiseki ist die japanische Kunst, in der Natur vorgefundene Steine in ansprechender Weise zu pr\u00e4sentieren.<\/p>\n<p>Der Eintritt kostet 5\u00e2\u201a\u00ac\/ Pers. (Kinder und Jugendliche bis 16 Jahren haben freien Eintritt).<br \/>\n\u00d6ffnungszeiten sind:<br \/>\n31.10.2015  \t10:00 Uhr -18:00 Uhr<br \/>\n01.11.2015 \t10:00 Uhr &#8211; 17:00 Uhr<\/p>\n<p>Der Veranstalter ist der Bonsai Club Deutschland in Zusammenarbeit mit dem Bonsai Arbeitskreis \u201eHessische Rh\u00f6n\u201c.<br \/>\nWeitere Informationen unter: www.bonsai-faszinationen.de<\/p>\n","protected":false},"excerpt":{"rendered":"<div class=\"tmnf_excerpt\"><p>Am 31.10.2015 und 01.11.2015 findet im Gemeindezentrum K\u00fcnzell die Bundesaustellung des Bonsai Club Deutschland e.V. (BCD) statt. Erwartet werden mehrere tausend Besucher aus dem In- und Ausland. F\u00fcr die Er\u00f6ffnungsfeier am 31.10. um 9:30Uhr hat sich neben G\u00e4sten aus der Politik, auch der japanische Generalkonsul Takeshi Kamiyama angek\u00fcndigt.\u00e2\u20ac\u00a8Neben der Ausstellung, bei der die eindrucksvollsten Bonsai &hellip;<\/p>\n<\/div>","protected":false},"author":1,"featured_media":0,"comment_status":"closed","ping_status":"closed","sticky":false,"template":"","format":"standard","meta":{"footnotes":""},"categories":[1],"tags":[],"class_list":["post-144577","post","type-post","status-publish","format-standard","hentry","category-startseite"],"_links":{"self":[{"href":"https:\/\/www.fuldaernachrichten.de\/index.php?rest_route=\/wp\/v2\/posts\/144577","targetHints":{"allow":["GET"]}}],"collection":[{"href":"https:\/\/www.fuldaernachrichten.de\/index.php?rest_route=\/wp\/v2\/posts"}],"about":[{"href":"https:\/\/www.fuldaernachrichten.de\/index.php?rest_route=\/wp\/v2\/types\/post"}],"author":[{"embeddable":true,"href":"https:\/\/www.fuldaernachrichten.de\/index.php?rest_route=\/wp\/v2\/users\/1"}],"replies":[{"embeddable":true,"href":"https:\/\/www.fuldaernachrichten.de\/index.php?rest_route=%2Fwp%2Fv2%2Fcomments&post=144577"}],"version-history":[{"count":1,"href":"https:\/\/www.fuldaernachrichten.de\/index.php?rest_route=\/wp\/v2\/posts\/144577\/revisions"}],"predecessor-version":[{"id":144578,"href":"https:\/\/www.fuldaernachrichten.de\/index.php?rest_route=\/wp\/v2\/posts\/144577\/revisions\/144578"}],"wp:attachment":[{"href":"https:\/\/www.fuldaernachrichten.de\/index.php?rest_route=%2Fwp%2Fv2%2Fmedia&parent=144577"}],"wp:term":[{"taxonomy":"category","embeddable":true,"href":"https:\/\/www.fuldaernachrichten.de\/index.php?rest_route=%2Fwp%2Fv2%2Fcategories&post=144577"},{"taxonomy":"post_tag","embeddable":true,"href":"https:\/\/www.fuldaernachrichten.de\/index.php?rest_route=%2Fwp%2Fv2%2Ftags&post=144577"}],"curies":[{"name":"wp","href":"https:\/\/api.w.org\/{rel}","templated":true}]}}